






{"@context":"https:\/\/schema.org\/","@type":"CollectionPage","@id":"https:\/\/www.dietetyk.katowice.pl\/tag\/zaburzenia-odzywiania\/#CollectionPage","headline":"zaburzenia od\u017cywiania Tag","description":"","url":"https:\/\/www.dietetyk.katowice.pl\/tag\/zaburzenia-odzywiania\/","hasPart":[{"@type":"BlogPosting","@id":"https:\/\/www.dietetyk.katowice.pl\/diabulimia\/","headline":"Diabulimia","url":"https:\/\/www.dietetyk.katowice.pl\/diabulimia\/","datePublished":"2022-02-14","dateModified":"2022-02-14","mainEntityOfPage":"https:\/\/www.dietetyk.katowice.pl\/diabulimia\/","author":{"@type":"Person","@id":"https:\/\/www.dietetyk.katowice.pl\/author\/fizjodiet-medical-spa\/#Person","name":"FIZJODIET MEDICAL SPA","url":"https:\/\/www.dietetyk.katowice.pl\/author\/fizjodiet-medical-spa\/","image":{"@type":"ImageObject","@id":"https:\/\/secure.gravatar.com\/avatar\/8613260b4781952e90d43b623f90d184?s=96&d=mm&r=g","url":"https:\/\/secure.gravatar.com\/avatar\/8613260b4781952e90d43b623f90d184?s=96&d=mm&r=g","height":96,"width":96}},"publisher":null,"image":{"@type":"ImageObject","@id":"https:\/\/www.dietetyk.katowice.pl\/wp-content\/uploads\/2022\/02\/sugar-word-made-with-disposable-needles-and-insuli-2022-01-28-08-58-15-utc-scaled.jpg","url":"https:\/\/www.dietetyk.katowice.pl\/wp-content\/uploads\/2022\/02\/sugar-word-made-with-disposable-needles-and-insuli-2022-01-28-08-58-15-utc-scaled.jpg","height":1709,"width":2560},"keywords":["Diabulimia","porady dietetyczne","zaburzenia od\u017cywiania"]},{"@type":"BlogPosting","@id":"https:\/\/www.dietetyk.katowice.pl\/jedzenie-emocjonalne\/","headline":"Jedzenie emocjonalne","url":"https:\/\/www.dietetyk.katowice.pl\/jedzenie-emocjonalne\/","datePublished":"2021-11-22","dateModified":"2021-11-22","mainEntityOfPage":"https:\/\/www.dietetyk.katowice.pl\/jedzenie-emocjonalne\/","author":{"@type":"Person","@id":"https:\/\/www.dietetyk.katowice.pl\/author\/fizjodiet-medical-spa\/#Person","name":"FIZJODIET MEDICAL SPA","url":"https:\/\/www.dietetyk.katowice.pl\/author\/fizjodiet-medical-spa\/","image":{"@type":"ImageObject","@id":"https:\/\/secure.gravatar.com\/avatar\/8613260b4781952e90d43b623f90d184?s=96&d=mm&r=g","url":"https:\/\/secure.gravatar.com\/avatar\/8613260b4781952e90d43b623f90d184?s=96&d=mm&r=g","height":96,"width":96}},"publisher":null,"image":{"@type":"ImageObject","@id":"https:\/\/www.dietetyk.katowice.pl\/wp-content\/uploads\/2021\/11\/young-caucasian-woman-eating-greedily-some-snacks-2021-10-27-19-49-22-utc-scaled.jpg","url":"https:\/\/www.dietetyk.katowice.pl\/wp-content\/uploads\/2021\/11\/young-caucasian-woman-eating-greedily-some-snacks-2021-10-27-19-49-22-utc-scaled.jpg","height":1707,"width":2560},"keywords":["Jedzenie emocjonalne","porady dietetyczne","zaburzenia od\u017cywiania"]},{"@type":"BlogPosting","@id":"https:\/\/www.dietetyk.katowice.pl\/zaburzenia-odzywiania\/","headline":"Zaburzenia od\u017cywiania","url":"https:\/\/www.dietetyk.katowice.pl\/zaburzenia-odzywiania\/","datePublished":"2021-11-15","dateModified":"2021-11-15","mainEntityOfPage":"https:\/\/www.dietetyk.katowice.pl\/zaburzenia-odzywiania\/","author":{"@type":"Person","@id":"https:\/\/www.dietetyk.katowice.pl\/author\/fizjodiet-medical-spa\/#Person","name":"FIZJODIET MEDICAL SPA","url":"https:\/\/www.dietetyk.katowice.pl\/author\/fizjodiet-medical-spa\/","image":{"@type":"ImageObject","@id":"https:\/\/secure.gravatar.com\/avatar\/8613260b4781952e90d43b623f90d184?s=96&d=mm&r=g","url":"https:\/\/secure.gravatar.com\/avatar\/8613260b4781952e90d43b623f90d184?s=96&d=mm&r=g","height":96,"width":96}},"publisher":null,"image":{"@type":"ImageObject","@id":"https:\/\/www.dietetyk.katowice.pl\/wp-content\/uploads\/2021\/11\/woman-suffering-with-morning-sickness-in-bathroom-2021-08-26-16-14-23-utc-scaled.jpg","url":"https:\/\/www.dietetyk.katowice.pl\/wp-content\/uploads\/2021\/11\/woman-suffering-with-morning-sickness-in-bathroom-2021-08-26-16-14-23-utc-scaled.jpg","height":1707,"width":2560},"keywords":["porady dietetyczne","zaburzenia od\u017cywiania"]},{"@type":"BlogPosting","@id":"https:\/\/www.dietetyk.katowice.pl\/ortoreksja\/","headline":"Ortoreksja","url":"https:\/\/www.dietetyk.katowice.pl\/ortoreksja\/","datePublished":"2021-11-08","dateModified":"2021-11-08","mainEntityOfPage":"https:\/\/www.dietetyk.katowice.pl\/ortoreksja\/","author":{"@type":"Person","@id":"https:\/\/www.dietetyk.katowice.pl\/author\/fizjodiet-medical-spa\/#Person","name":"FIZJODIET MEDICAL SPA","url":"https:\/\/www.dietetyk.katowice.pl\/author\/fizjodiet-medical-spa\/","image":{"@type":"ImageObject","@id":"https:\/\/secure.gravatar.com\/avatar\/8613260b4781952e90d43b623f90d184?s=96&d=mm&r=g","url":"https:\/\/secure.gravatar.com\/avatar\/8613260b4781952e90d43b623f90d184?s=96&d=mm&r=g","height":96,"width":96}},"publisher":null,"image":{"@type":"ImageObject","@id":"https:\/\/www.dietetyk.katowice.pl\/wp-content\/uploads\/2021\/11\/close-up-of-a-woman-showing-fresh-green-salad-leav-2021-08-26-18-21-52-utc-scaled.jpg","url":"https:\/\/www.dietetyk.katowice.pl\/wp-content\/uploads\/2021\/11\/close-up-of-a-woman-showing-fresh-green-salad-leav-2021-08-26-18-21-52-utc-scaled.jpg","height":1707,"width":2560},"keywords":["Ortoreksja","porady dietetyczne","zaburzenia od\u017cywiania"]},{"@type":"BlogPosting","@id":"https:\/\/www.dietetyk.katowice.pl\/zaburzenia-odzywiania-wsrod-dzieci\/","headline":"Zaburzenia od\u017cywiania w\u015br\u00f3d dzieci","url":"https:\/\/www.dietetyk.katowice.pl\/zaburzenia-odzywiania-wsrod-dzieci\/","datePublished":"2021-10-26","dateModified":"2021-10-26","mainEntityOfPage":"https:\/\/www.dietetyk.katowice.pl\/zaburzenia-odzywiania-wsrod-dzieci\/","author":{"@type":"Person","@id":"https:\/\/www.dietetyk.katowice.pl\/author\/fizjodiet-medical-spa\/#Person","name":"FIZJODIET MEDICAL SPA","url":"https:\/\/www.dietetyk.katowice.pl\/author\/fizjodiet-medical-spa\/","image":{"@type":"ImageObject","@id":"https:\/\/secure.gravatar.com\/avatar\/8613260b4781952e90d43b623f90d184?s=96&d=mm&r=g","url":"https:\/\/secure.gravatar.com\/avatar\/8613260b4781952e90d43b623f90d184?s=96&d=mm&r=g","height":96,"width":96}},"publisher":null,"image":{"@type":"ImageObject","@id":"https:\/\/www.dietetyk.katowice.pl\/wp-content\/uploads\/2021\/10\/food-2021-08-30-06-01-58-utc-scaled.jpg","url":"https:\/\/www.dietetyk.katowice.pl\/wp-content\/uploads\/2021\/10\/food-2021-08-30-06-01-58-utc-scaled.jpg","height":1748,"width":2560},"keywords":["dzieci","porady dietetyczne","zaburzenia od\u017cywiania"]}]}