






{"@context":"https:\/\/schema.org\/","@type":"CollectionPage","@id":"https:\/\/www.dietetyk.katowice.pl\/tag\/wegetarianskie\/#CollectionPage","headline":"wegetaria\u0144skie Tag","description":"","url":"https:\/\/www.dietetyk.katowice.pl\/tag\/wegetarianskie\/","hasPart":[{"@type":"BlogPosting","@id":"https:\/\/www.dietetyk.katowice.pl\/curry-z-tofu\/","headline":"Curry z tofu","url":"https:\/\/www.dietetyk.katowice.pl\/curry-z-tofu\/","datePublished":"2022-01-10","dateModified":"2022-01-10","mainEntityOfPage":"https:\/\/www.dietetyk.katowice.pl\/curry-z-tofu\/","author":{"@type":"Person","@id":"https:\/\/www.dietetyk.katowice.pl\/author\/fizjodiet-medical-spa\/#Person","name":"FIZJODIET MEDICAL SPA","url":"https:\/\/www.dietetyk.katowice.pl\/author\/fizjodiet-medical-spa\/","image":{"@type":"ImageObject","@id":"https:\/\/secure.gravatar.com\/avatar\/8613260b4781952e90d43b623f90d184?s=96&d=mm&r=g","url":"https:\/\/secure.gravatar.com\/avatar\/8613260b4781952e90d43b623f90d184?s=96&d=mm&r=g","height":96,"width":96}},"publisher":null,"image":{"@type":"ImageObject","@id":"https:\/\/www.dietetyk.katowice.pl\/wp-content\/uploads\/2022\/01\/ceramic-bowl-of-yellow-curry-2021-08-31-21-25-32-utc-scaled.jpg","url":"https:\/\/www.dietetyk.katowice.pl\/wp-content\/uploads\/2022\/01\/ceramic-bowl-of-yellow-curry-2021-08-31-21-25-32-utc-scaled.jpg","height":2560,"width":1707},"keywords":["curry","dietetyczne przepisy","przepisy dietetyczne","tofu","wega\u0144skie","wegetaria\u0144skie"]},{"@type":"BlogPosting","@id":"https:\/\/www.dietetyk.katowice.pl\/dieta-weganska\/","headline":"Dieta wega\u0144ska","url":"https:\/\/www.dietetyk.katowice.pl\/dieta-weganska\/","datePublished":"2021-07-05","dateModified":"2021-07-05","mainEntityOfPage":"https:\/\/www.dietetyk.katowice.pl\/dieta-weganska\/","author":{"@type":"Person","@id":"https:\/\/www.dietetyk.katowice.pl\/author\/fizjodiet-medical-spa\/#Person","name":"FIZJODIET MEDICAL SPA","url":"https:\/\/www.dietetyk.katowice.pl\/author\/fizjodiet-medical-spa\/","image":{"@type":"ImageObject","@id":"https:\/\/secure.gravatar.com\/avatar\/8613260b4781952e90d43b623f90d184?s=96&d=mm&r=g","url":"https:\/\/secure.gravatar.com\/avatar\/8613260b4781952e90d43b623f90d184?s=96&d=mm&r=g","height":96,"width":96}},"publisher":null,"image":{"@type":"ImageObject","@id":"https:\/\/www.dietetyk.katowice.pl\/wp-content\/uploads\/2021\/06\/breakfast-vegan-bowl-PBD379Q-scaled.jpg","url":"https:\/\/www.dietetyk.katowice.pl\/wp-content\/uploads\/2021\/06\/breakfast-vegan-bowl-PBD379Q-scaled.jpg","height":1962,"width":2560},"keywords":["porady dietetyczne","weganizm","wega\u0144skie","wegetaria\u0144skie"]},{"@type":"BlogPosting","@id":"https:\/\/www.dietetyk.katowice.pl\/zapiekana-kasza-gryczana-z-warzywami-i-tofu\/","headline":"Zapiekana kasza gryczana z warzywami i tofu","url":"https:\/\/www.dietetyk.katowice.pl\/zapiekana-kasza-gryczana-z-warzywami-i-tofu\/","datePublished":"2021-05-06","dateModified":"2021-05-11","mainEntityOfPage":"https:\/\/www.dietetyk.katowice.pl\/zapiekana-kasza-gryczana-z-warzywami-i-tofu\/","author":{"@type":"Person","@id":"https:\/\/www.dietetyk.katowice.pl\/author\/fizjodiet-medical-spa\/#Person","name":"FIZJODIET MEDICAL SPA","url":"https:\/\/www.dietetyk.katowice.pl\/author\/fizjodiet-medical-spa\/","image":{"@type":"ImageObject","@id":"https:\/\/secure.gravatar.com\/avatar\/8613260b4781952e90d43b623f90d184?s=96&d=mm&r=g","url":"https:\/\/secure.gravatar.com\/avatar\/8613260b4781952e90d43b623f90d184?s=96&d=mm&r=g","height":96,"width":96}},"publisher":null,"image":{"@type":"ImageObject","@id":"https:\/\/www.dietetyk.katowice.pl\/wp-content\/uploads\/2021\/05\/brown-buckwheat-groats-PGTNGB3-scaled.jpg","url":"https:\/\/www.dietetyk.katowice.pl\/wp-content\/uploads\/2021\/05\/brown-buckwheat-groats-PGTNGB3-scaled.jpg","height":1749,"width":2560},"keywords":["dietetyczne przepisy","kasza","obiad","przepisy dietetyczne","tofu","wegetaria\u0144skie"]},{"@type":"BlogPosting","@id":"https:\/\/www.dietetyk.katowice.pl\/chili-sin-carne\/","headline":"Chili sin carne","url":"https:\/\/www.dietetyk.katowice.pl\/chili-sin-carne\/","datePublished":"2020-12-14","dateModified":"2020-12-14","mainEntityOfPage":"https:\/\/www.dietetyk.katowice.pl\/chili-sin-carne\/","author":{"@type":"Person","@id":"https:\/\/www.dietetyk.katowice.pl\/author\/fizjodiet-medical-spa\/#Person","name":"FIZJODIET MEDICAL SPA","url":"https:\/\/www.dietetyk.katowice.pl\/author\/fizjodiet-medical-spa\/","image":{"@type":"ImageObject","@id":"https:\/\/secure.gravatar.com\/avatar\/8613260b4781952e90d43b623f90d184?s=96&d=mm&r=g","url":"https:\/\/secure.gravatar.com\/avatar\/8613260b4781952e90d43b623f90d184?s=96&d=mm&r=g","height":96,"width":96}},"publisher":null,"image":{"@type":"ImageObject","@id":"https:\/\/www.dietetyk.katowice.pl\/wp-content\/uploads\/2020\/12\/chili-con-carne-7SKV229-scaled.jpg","url":"https:\/\/www.dietetyk.katowice.pl\/wp-content\/uploads\/2020\/12\/chili-con-carne-7SKV229-scaled.jpg","height":1667,"width":2560},"keywords":["dietetyczne przepisy","m\u0105dry wegetarnianizm","obiad","przepisy dietetyczne","wegetaria\u0144skie"]},{"@type":"BlogPosting","@id":"https:\/\/www.dietetyk.katowice.pl\/czosnkowy-krem-z-soczewicy-i-brokulow\/","headline":"Czosnkowy krem z soczewicy i broku\u0142\u00f3w","url":"https:\/\/www.dietetyk.katowice.pl\/czosnkowy-krem-z-soczewicy-i-brokulow\/","datePublished":"2020-09-23","dateModified":"2020-09-23","mainEntityOfPage":"https:\/\/www.dietetyk.katowice.pl\/czosnkowy-krem-z-soczewicy-i-brokulow\/","author":{"@type":"Person","@id":"https:\/\/www.dietetyk.katowice.pl\/author\/fizjodiet-medical-spa\/#Person","name":"FIZJODIET MEDICAL SPA","url":"https:\/\/www.dietetyk.katowice.pl\/author\/fizjodiet-medical-spa\/","image":{"@type":"ImageObject","@id":"https:\/\/secure.gravatar.com\/avatar\/8613260b4781952e90d43b623f90d184?s=96&d=mm&r=g","url":"https:\/\/secure.gravatar.com\/avatar\/8613260b4781952e90d43b623f90d184?s=96&d=mm&r=g","height":96,"width":96}},"publisher":null,"image":{"@type":"ImageObject","@id":"https:\/\/www.dietetyk.katowice.pl\/wp-content\/uploads\/2020\/09\/broccoli-soup-PTB3VHQ-scaled.jpg","url":"https:\/\/www.dietetyk.katowice.pl\/wp-content\/uploads\/2020\/09\/broccoli-soup-PTB3VHQ-scaled.jpg","height":1706,"width":2560},"keywords":["dietetyczne przepisy","krem","obiad","przepisy dietetyczne","wega\u0144skie","wegetaria\u0144skie","zupa"]},{"@type":"BlogPosting","@id":"https:\/\/www.dietetyk.katowice.pl\/krem-z-zielonego-groszku\/","headline":"Krem z zielonego groszku","url":"https:\/\/www.dietetyk.katowice.pl\/krem-z-zielonego-groszku\/","datePublished":"2020-09-08","dateModified":"2020-09-08","mainEntityOfPage":"https:\/\/www.dietetyk.katowice.pl\/krem-z-zielonego-groszku\/","author":{"@type":"Person","@id":"https:\/\/www.dietetyk.katowice.pl\/author\/fizjodiet-medical-spa\/#Person","name":"FIZJODIET MEDICAL SPA","url":"https:\/\/www.dietetyk.katowice.pl\/author\/fizjodiet-medical-spa\/","image":{"@type":"ImageObject","@id":"https:\/\/secure.gravatar.com\/avatar\/8613260b4781952e90d43b623f90d184?s=96&d=mm&r=g","url":"https:\/\/secure.gravatar.com\/avatar\/8613260b4781952e90d43b623f90d184?s=96&d=mm&r=g","height":96,"width":96}},"publisher":null,"image":{"@type":"ImageObject","@id":"https:\/\/www.dietetyk.katowice.pl\/wp-content\/uploads\/2020\/09\/pea-cream-soup-PAAYK95-scaled.jpg","url":"https:\/\/www.dietetyk.katowice.pl\/wp-content\/uploads\/2020\/09\/pea-cream-soup-PAAYK95-scaled.jpg","height":1707,"width":2560},"keywords":["dietetyczne przepisy","groszek","krem","obiad","przepisy dietetyczne","wega\u0144skie","wegetaria\u0144skie","zupa"]},{"@type":"BlogPosting","@id":"https:\/\/www.dietetyk.katowice.pl\/wege-tortilla-z-gyrosem\/","headline":"Wege tortilla z gyrosem","url":"https:\/\/www.dietetyk.katowice.pl\/wege-tortilla-z-gyrosem\/","datePublished":"2020-08-31","dateModified":"2020-08-31","mainEntityOfPage":"https:\/\/www.dietetyk.katowice.pl\/wege-tortilla-z-gyrosem\/","author":{"@type":"Person","@id":"https:\/\/www.dietetyk.katowice.pl\/author\/fizjodiet-medical-spa\/#Person","name":"FIZJODIET MEDICAL SPA","url":"https:\/\/www.dietetyk.katowice.pl\/author\/fizjodiet-medical-spa\/","image":{"@type":"ImageObject","@id":"https:\/\/secure.gravatar.com\/avatar\/8613260b4781952e90d43b623f90d184?s=96&d=mm&r=g","url":"https:\/\/secure.gravatar.com\/avatar\/8613260b4781952e90d43b623f90d184?s=96&d=mm&r=g","height":96,"width":96}},"publisher":null,"image":{"@type":"ImageObject","@id":"https:\/\/www.dietetyk.katowice.pl\/wp-content\/uploads\/2020\/08\/grilled-veggie-and-feta-panini-a-vegetarian-tortil-SLAG94J-scaled.jpg","url":"https:\/\/www.dietetyk.katowice.pl\/wp-content\/uploads\/2020\/08\/grilled-veggie-and-feta-panini-a-vegetarian-tortil-SLAG94J-scaled.jpg","height":1707,"width":2560},"keywords":["dietetyczne przepisy","obiad","przepisy dietetyczne","tortilla","wega\u0144skie","wegetaria\u0144skie"]},{"@type":"BlogPosting","@id":"https:\/\/www.dietetyk.katowice.pl\/tarta-z-tofu-i-szpinakiem\/","headline":"Tarta z tofu i szpinakiem","url":"https:\/\/www.dietetyk.katowice.pl\/tarta-z-tofu-i-szpinakiem\/","datePublished":"2020-05-20","dateModified":"2020-05-20","mainEntityOfPage":"https:\/\/www.dietetyk.katowice.pl\/tarta-z-tofu-i-szpinakiem\/","author":{"@type":"Person","@id":"https:\/\/www.dietetyk.katowice.pl\/author\/fizjodiet-medical-spa\/#Person","name":"FIZJODIET MEDICAL SPA","url":"https:\/\/www.dietetyk.katowice.pl\/author\/fizjodiet-medical-spa\/","image":{"@type":"ImageObject","@id":"https:\/\/secure.gravatar.com\/avatar\/8613260b4781952e90d43b623f90d184?s=96&d=mm&r=g","url":"https:\/\/secure.gravatar.com\/avatar\/8613260b4781952e90d43b623f90d184?s=96&d=mm&r=g","height":96,"width":96}},"publisher":null,"image":{"@type":"ImageObject","@id":"https:\/\/www.dietetyk.katowice.pl\/wp-content\/uploads\/2020\/05\/IMG_20200406_160439.jpg","url":"https:\/\/www.dietetyk.katowice.pl\/wp-content\/uploads\/2020\/05\/IMG_20200406_160439.jpg","height":639,"width":479},"keywords":["dietetyczne przepisy","m\u0105dry wegetarnianizm","obiad","tarta","wega\u0144skie","wegetaria\u0144skie"]}]}