






{"@context":"https:\/\/schema.org\/","@type":"CollectionPage","@id":"https:\/\/www.dietetyk.katowice.pl\/tag\/przepisy-dietetyczne\/#CollectionPage","headline":"przepisy dietetyczne Tag","description":"","url":"https:\/\/www.dietetyk.katowice.pl\/tag\/przepisy-dietetyczne\/","hasPart":[{"@type":"BlogPosting","@id":"https:\/\/www.dietetyk.katowice.pl\/dietetyczne-frytki-z-selera\/","headline":"Dietetyczne frytki z selera","url":"https:\/\/www.dietetyk.katowice.pl\/dietetyczne-frytki-z-selera\/","datePublished":"2019-11-22","dateModified":"2020-04-05","mainEntityOfPage":"https:\/\/www.dietetyk.katowice.pl\/dietetyczne-frytki-z-selera\/","author":{"@type":"Person","@id":"https:\/\/www.dietetyk.katowice.pl\/author\/fizjodiet-medical-spa\/#Person","name":"FIZJODIET MEDICAL SPA","url":"https:\/\/www.dietetyk.katowice.pl\/author\/fizjodiet-medical-spa\/","image":{"@type":"ImageObject","@id":"https:\/\/secure.gravatar.com\/avatar\/8613260b4781952e90d43b623f90d184?s=96&d=mm&r=g","url":"https:\/\/secure.gravatar.com\/avatar\/8613260b4781952e90d43b623f90d184?s=96&d=mm&r=g","height":96,"width":96}},"publisher":null,"image":{"@type":"ImageObject","@id":"https:\/\/www.dietetyk.katowice.pl\/wp-content\/uploads\/2019\/11\/oven-baked-vegetable-fries-PRBS5JL-scaled.jpg","url":"https:\/\/www.dietetyk.katowice.pl\/wp-content\/uploads\/2019\/11\/oven-baked-vegetable-fries-PRBS5JL-scaled.jpg","height":1707,"width":2560},"keywords":["dietetyczne przepisy","obiad","przepisy dietetyczne"]},{"@type":"BlogPosting","@id":"https:\/\/www.dietetyk.katowice.pl\/dietetyczne-pierogi-ze-szpinakiem-i-mozzarella\/","headline":"Dietetyczne pierogi ze szpinakiem i mozzarell\u0105","url":"https:\/\/www.dietetyk.katowice.pl\/dietetyczne-pierogi-ze-szpinakiem-i-mozzarella\/","datePublished":"2019-11-14","dateModified":"2020-04-05","mainEntityOfPage":"https:\/\/www.dietetyk.katowice.pl\/dietetyczne-pierogi-ze-szpinakiem-i-mozzarella\/","author":{"@type":"Person","@id":"https:\/\/www.dietetyk.katowice.pl\/author\/fizjodiet-medical-spa\/#Person","name":"FIZJODIET MEDICAL SPA","url":"https:\/\/www.dietetyk.katowice.pl\/author\/fizjodiet-medical-spa\/","image":{"@type":"ImageObject","@id":"https:\/\/secure.gravatar.com\/avatar\/8613260b4781952e90d43b623f90d184?s=96&d=mm&r=g","url":"https:\/\/secure.gravatar.com\/avatar\/8613260b4781952e90d43b623f90d184?s=96&d=mm&r=g","height":96,"width":96}},"publisher":null,"image":{"@type":"ImageObject","@id":"https:\/\/www.dietetyk.katowice.pl\/wp-content\/uploads\/2019\/11\/making-ravioli-with-ricotta-cheese-and-spinach-FNE72QL-scaled.jpg","url":"https:\/\/www.dietetyk.katowice.pl\/wp-content\/uploads\/2019\/11\/making-ravioli-with-ricotta-cheese-and-spinach-FNE72QL-scaled.jpg","height":2560,"width":1683},"keywords":["dietetyczne przepisy","obiad","pierogi","przepisy dietetyczne"]},{"@type":"BlogPosting","@id":"https:\/\/www.dietetyk.katowice.pl\/papryka-faszerowana-soczewica-i-ryzem\/","headline":"Papryka faszerowana soczewic\u0105 i ry\u017cem","url":"https:\/\/www.dietetyk.katowice.pl\/papryka-faszerowana-soczewica-i-ryzem\/","datePublished":"2019-11-05","dateModified":"2020-04-05","mainEntityOfPage":"https:\/\/www.dietetyk.katowice.pl\/papryka-faszerowana-soczewica-i-ryzem\/","author":{"@type":"Person","@id":"https:\/\/www.dietetyk.katowice.pl\/author\/fizjodiet-medical-spa\/#Person","name":"FIZJODIET MEDICAL SPA","url":"https:\/\/www.dietetyk.katowice.pl\/author\/fizjodiet-medical-spa\/","image":{"@type":"ImageObject","@id":"https:\/\/secure.gravatar.com\/avatar\/8613260b4781952e90d43b623f90d184?s=96&d=mm&r=g","url":"https:\/\/secure.gravatar.com\/avatar\/8613260b4781952e90d43b623f90d184?s=96&d=mm&r=g","height":96,"width":96}},"publisher":null,"image":{"@type":"ImageObject","@id":"https:\/\/www.dietetyk.katowice.pl\/wp-content\/uploads\/2019\/11\/peppers-stuffed-with-meat-and-rice-DZB2W9F-1.jpg","url":"https:\/\/www.dietetyk.katowice.pl\/wp-content\/uploads\/2019\/11\/peppers-stuffed-with-meat-and-rice-DZB2W9F-1.jpg","height":1688,"width":1336},"keywords":["dietetyczne przepisy","m\u0105dry wegetarnianizm","obiad","papryka","przepisy dietetyczne"]},{"@type":"BlogPosting","@id":"https:\/\/www.dietetyk.katowice.pl\/koktajl-z-owocow-lesnych-z-nasionami-chia\/","headline":"Koktajl z owoc\u00f3w le\u015bnych z nasionami chia","url":"https:\/\/www.dietetyk.katowice.pl\/koktajl-z-owocow-lesnych-z-nasionami-chia\/","datePublished":"2019-09-10","dateModified":"2019-09-10","mainEntityOfPage":"https:\/\/www.dietetyk.katowice.pl\/koktajl-z-owocow-lesnych-z-nasionami-chia\/","author":{"@type":"Person","@id":"https:\/\/www.dietetyk.katowice.pl\/author\/fizjodiet-medical-spa\/#Person","name":"FIZJODIET MEDICAL SPA","url":"https:\/\/www.dietetyk.katowice.pl\/author\/fizjodiet-medical-spa\/","image":{"@type":"ImageObject","@id":"https:\/\/secure.gravatar.com\/avatar\/8613260b4781952e90d43b623f90d184?s=96&d=mm&r=g","url":"https:\/\/secure.gravatar.com\/avatar\/8613260b4781952e90d43b623f90d184?s=96&d=mm&r=g","height":96,"width":96}},"publisher":null,"image":{"@type":"ImageObject","@id":"https:\/\/www.dietetyk.katowice.pl\/wp-content\/uploads\/2019\/09\/red-strawberry-smoothie-PV77KPU-scaled.jpg","url":"https:\/\/www.dietetyk.katowice.pl\/wp-content\/uploads\/2019\/09\/red-strawberry-smoothie-PV77KPU-scaled.jpg","height":2560,"width":1707},"keywords":["chia","deser","dietetyczne przepisy","koktajl","owoce","przepisy dietetyczne"]},{"@type":"BlogPosting","@id":"https:\/\/www.dietetyk.katowice.pl\/udka-pieczone-w-sosie-jogurtowym\/","headline":"Udka pieczone w sosie jogurtowym","url":"https:\/\/www.dietetyk.katowice.pl\/udka-pieczone-w-sosie-jogurtowym\/","datePublished":"2019-08-19","dateModified":"2019-08-19","mainEntityOfPage":"https:\/\/www.dietetyk.katowice.pl\/udka-pieczone-w-sosie-jogurtowym\/","author":{"@type":"Person","@id":"https:\/\/www.dietetyk.katowice.pl\/author\/fizjodiet-medical-spa\/#Person","name":"FIZJODIET MEDICAL SPA","url":"https:\/\/www.dietetyk.katowice.pl\/author\/fizjodiet-medical-spa\/","image":{"@type":"ImageObject","@id":"https:\/\/secure.gravatar.com\/avatar\/8613260b4781952e90d43b623f90d184?s=96&d=mm&r=g","url":"https:\/\/secure.gravatar.com\/avatar\/8613260b4781952e90d43b623f90d184?s=96&d=mm&r=g","height":96,"width":96}},"publisher":null,"image":{"@type":"ImageObject","@id":"https:\/\/www.dietetyk.katowice.pl\/wp-content\/uploads\/2019\/08\/coconut-garlic-lime-chicken-legs-P9XW223-scaled.jpg","url":"https:\/\/www.dietetyk.katowice.pl\/wp-content\/uploads\/2019\/08\/coconut-garlic-lime-chicken-legs-P9XW223-scaled.jpg","height":1696,"width":2560},"keywords":["dietetyczne przepisy","kurczak","obiad","przepisy dietetyczne","udka"]},{"@type":"BlogPosting","@id":"https:\/\/www.dietetyk.katowice.pl\/salatka-z-serem-camembert-i-sosem-truskawkowym\/","headline":"Sa\u0142atka z serem camembert i sosem truskawkowym","url":"https:\/\/www.dietetyk.katowice.pl\/salatka-z-serem-camembert-i-sosem-truskawkowym\/","datePublished":"2019-06-18","dateModified":"2019-06-18","mainEntityOfPage":"https:\/\/www.dietetyk.katowice.pl\/salatka-z-serem-camembert-i-sosem-truskawkowym\/","author":{"@type":"Person","@id":"https:\/\/www.dietetyk.katowice.pl\/author\/fizjodiet-medical-spa\/#Person","name":"FIZJODIET MEDICAL SPA","url":"https:\/\/www.dietetyk.katowice.pl\/author\/fizjodiet-medical-spa\/","image":{"@type":"ImageObject","@id":"https:\/\/secure.gravatar.com\/avatar\/8613260b4781952e90d43b623f90d184?s=96&d=mm&r=g","url":"https:\/\/secure.gravatar.com\/avatar\/8613260b4781952e90d43b623f90d184?s=96&d=mm&r=g","height":96,"width":96}},"publisher":null,"image":{"@type":"ImageObject","@id":"https:\/\/www.dietetyk.katowice.pl\/wp-content\/uploads\/2019\/06\/jez-timms-634288-unsplash-scaled.jpg","url":"https:\/\/www.dietetyk.katowice.pl\/wp-content\/uploads\/2019\/06\/jez-timms-634288-unsplash-scaled.jpg","height":1709,"width":2560},"keywords":["przepisy dietetyczne","sa\u0142atka","ser","truskawki"]},{"@type":"BlogPosting","@id":"https:\/\/www.dietetyk.katowice.pl\/koktajl-truskawkowo-bananowo-kokosowy\/","headline":"KOKTAJL TRUSKAWKOWO-BANANOWO-KOKOSOWY","url":"https:\/\/www.dietetyk.katowice.pl\/koktajl-truskawkowo-bananowo-kokosowy\/","datePublished":"2019-06-11","dateModified":"2019-06-11","mainEntityOfPage":"https:\/\/www.dietetyk.katowice.pl\/koktajl-truskawkowo-bananowo-kokosowy\/","author":{"@type":"Person","@id":"https:\/\/www.dietetyk.katowice.pl\/author\/fizjodiet-medical-spa\/#Person","name":"FIZJODIET MEDICAL SPA","url":"https:\/\/www.dietetyk.katowice.pl\/author\/fizjodiet-medical-spa\/","image":{"@type":"ImageObject","@id":"https:\/\/secure.gravatar.com\/avatar\/8613260b4781952e90d43b623f90d184?s=96&d=mm&r=g","url":"https:\/\/secure.gravatar.com\/avatar\/8613260b4781952e90d43b623f90d184?s=96&d=mm&r=g","height":96,"width":96}},"publisher":null,"image":{"@type":"ImageObject","@id":"https:\/\/www.dietetyk.katowice.pl\/wp-content\/uploads\/2019\/05\/10022833_s.jpg","url":"https:\/\/www.dietetyk.katowice.pl\/wp-content\/uploads\/2019\/05\/10022833_s.jpg","height":791,"width":606},"keywords":["deser","dietetyczny koktajl","koktajl","przepisy dietetyczne"]},{"@type":"BlogPosting","@id":"https:\/\/www.dietetyk.katowice.pl\/bulki-pelnoziarniste\/","headline":"Bu\u0142ki pe\u0142noziarniste","url":"https:\/\/www.dietetyk.katowice.pl\/bulki-pelnoziarniste\/","datePublished":"2019-06-03","dateModified":"2019-06-03","mainEntityOfPage":"https:\/\/www.dietetyk.katowice.pl\/bulki-pelnoziarniste\/","author":{"@type":"Person","@id":"https:\/\/www.dietetyk.katowice.pl\/author\/fizjodiet-medical-spa\/#Person","name":"FIZJODIET MEDICAL SPA","url":"https:\/\/www.dietetyk.katowice.pl\/author\/fizjodiet-medical-spa\/","image":{"@type":"ImageObject","@id":"https:\/\/secure.gravatar.com\/avatar\/8613260b4781952e90d43b623f90d184?s=96&d=mm&r=g","url":"https:\/\/secure.gravatar.com\/avatar\/8613260b4781952e90d43b623f90d184?s=96&d=mm&r=g","height":96,"width":96}},"publisher":null,"image":{"@type":"ImageObject","@id":"https:\/\/www.dietetyk.katowice.pl\/wp-content\/uploads\/2019\/05\/eaters-collective-197218-unsplash-scaled.jpg","url":"https:\/\/www.dietetyk.katowice.pl\/wp-content\/uploads\/2019\/05\/eaters-collective-197218-unsplash-scaled.jpg","height":1708,"width":2560},"keywords":["bu\u0142ki","bu\u0142ki pe\u0142noziarniste","dietetyczne przepisy","przepisy dietetyczne","wypieki"]},{"@type":"BlogPosting","@id":"https:\/\/www.dietetyk.katowice.pl\/krem-pomidorowo-paprykowy-z-mozzarella\/","headline":"Krem pomidorowo-paprykowy z mozzarell\u0105","url":"https:\/\/www.dietetyk.katowice.pl\/krem-pomidorowo-paprykowy-z-mozzarella\/","datePublished":"2019-05-27","dateModified":"2019-05-27","mainEntityOfPage":"https:\/\/www.dietetyk.katowice.pl\/krem-pomidorowo-paprykowy-z-mozzarella\/","author":{"@type":"Person","@id":"https:\/\/www.dietetyk.katowice.pl\/author\/fizjodiet-medical-spa\/#Person","name":"FIZJODIET MEDICAL SPA","url":"https:\/\/www.dietetyk.katowice.pl\/author\/fizjodiet-medical-spa\/","image":{"@type":"ImageObject","@id":"https:\/\/secure.gravatar.com\/avatar\/8613260b4781952e90d43b623f90d184?s=96&d=mm&r=g","url":"https:\/\/secure.gravatar.com\/avatar\/8613260b4781952e90d43b623f90d184?s=96&d=mm&r=g","height":96,"width":96}},"publisher":null,"image":{"@type":"ImageObject","@id":"https:\/\/www.dietetyk.katowice.pl\/wp-content\/uploads\/2019\/05\/45898110_s.jpg","url":"https:\/\/www.dietetyk.katowice.pl\/wp-content\/uploads\/2019\/05\/45898110_s.jpg","height":565,"width":848},"keywords":["krem","mozzarella","obiad","papryka","pomidory","przepisy dietetyczne","zupa"]},{"@type":"BlogPosting","@id":"https:\/\/www.dietetyk.katowice.pl\/dietetyczne-leczo-z-soczewica\/","headline":"Dietetyczne leczo z soczewic\u0105","url":"https:\/\/www.dietetyk.katowice.pl\/dietetyczne-leczo-z-soczewica\/","datePublished":"2019-05-20","dateModified":"2019-05-20","mainEntityOfPage":"https:\/\/www.dietetyk.katowice.pl\/dietetyczne-leczo-z-soczewica\/","author":{"@type":"Person","@id":"https:\/\/www.dietetyk.katowice.pl\/author\/fizjodiet-medical-spa\/#Person","name":"FIZJODIET MEDICAL SPA","url":"https:\/\/www.dietetyk.katowice.pl\/author\/fizjodiet-medical-spa\/","image":{"@type":"ImageObject","@id":"https:\/\/secure.gravatar.com\/avatar\/8613260b4781952e90d43b623f90d184?s=96&d=mm&r=g","url":"https:\/\/secure.gravatar.com\/avatar\/8613260b4781952e90d43b623f90d184?s=96&d=mm&r=g","height":96,"width":96}},"publisher":null,"image":{"@type":"ImageObject","@id":"https:\/\/www.dietetyk.katowice.pl\/wp-content\/uploads\/2019\/05\/34263028_s.jpg","url":"https:\/\/www.dietetyk.katowice.pl\/wp-content\/uploads\/2019\/05\/34263028_s.jpg","height":565,"width":848},"keywords":["dietetyczne przepisy","leczo","m\u0105dry wegetarnianizm","przepisy dietetyczne","soczewica"]}]}