






{"@context":"https:\/\/schema.org\/","@type":"CollectionPage","@id":"https:\/\/www.dietetyk.katowice.pl\/tag\/porady-dietetyczne\/#CollectionPage","headline":"porady dietetyczne Tag","description":"","url":"https:\/\/www.dietetyk.katowice.pl\/tag\/porady-dietetyczne\/","hasPart":[{"@type":"BlogPosting","@id":"https:\/\/www.dietetyk.katowice.pl\/dieta-w-hashimoto\/","headline":"Dieta w Hashimoto &#8211; co je\u015b\u0107, czego unika\u0107, co eliminowa\u0107?\u00a0","url":"https:\/\/www.dietetyk.katowice.pl\/dieta-w-hashimoto\/","datePublished":"2018-07-30","dateModified":"2018-08-23","mainEntityOfPage":"https:\/\/www.dietetyk.katowice.pl\/dieta-w-hashimoto\/","author":{"@type":"Person","@id":"https:\/\/www.dietetyk.katowice.pl\/author\/fizjodiet-medical-spa\/#Person","name":"FIZJODIET MEDICAL SPA","url":"https:\/\/www.dietetyk.katowice.pl\/author\/fizjodiet-medical-spa\/","image":{"@type":"ImageObject","@id":"https:\/\/secure.gravatar.com\/avatar\/8613260b4781952e90d43b623f90d184?s=96&d=mm&r=g","url":"https:\/\/secure.gravatar.com\/avatar\/8613260b4781952e90d43b623f90d184?s=96&d=mm&r=g","height":96,"width":96}},"publisher":null,"image":{"@type":"ImageObject","@id":"https:\/\/www.dietetyk.katowice.pl\/wp-content\/uploads\/2018\/07\/fleur-treurniet-327469-unsplash-scaled.jpg","url":"https:\/\/www.dietetyk.katowice.pl\/wp-content\/uploads\/2018\/07\/fleur-treurniet-327469-unsplash-scaled.jpg","height":1707,"width":2560},"keywords":["dieta","hashimoto","porady dietetyczne"]},{"@type":"BlogPosting","@id":"https:\/\/www.dietetyk.katowice.pl\/dieta-po-usunieciu-pecherzyka-zolciowego\/","headline":"Dieta po usuni\u0119ciu p\u0119cherzyka \u017c\u00f3\u0142ciowego","url":"https:\/\/www.dietetyk.katowice.pl\/dieta-po-usunieciu-pecherzyka-zolciowego\/","datePublished":"2018-07-23","dateModified":"2018-08-23","mainEntityOfPage":"https:\/\/www.dietetyk.katowice.pl\/dieta-po-usunieciu-pecherzyka-zolciowego\/","author":{"@type":"Person","@id":"https:\/\/www.dietetyk.katowice.pl\/author\/fizjodiet-medical-spa\/#Person","name":"FIZJODIET MEDICAL SPA","url":"https:\/\/www.dietetyk.katowice.pl\/author\/fizjodiet-medical-spa\/","image":{"@type":"ImageObject","@id":"https:\/\/secure.gravatar.com\/avatar\/8613260b4781952e90d43b623f90d184?s=96&d=mm&r=g","url":"https:\/\/secure.gravatar.com\/avatar\/8613260b4781952e90d43b623f90d184?s=96&d=mm&r=g","height":96,"width":96}},"publisher":null,"image":{"@type":"ImageObject","@id":"https:\/\/www.dietetyk.katowice.pl\/wp-content\/uploads\/2018\/07\/daria-nepriakhina-69841-unsplash-scaled.jpg","url":"https:\/\/www.dietetyk.katowice.pl\/wp-content\/uploads\/2018\/07\/daria-nepriakhina-69841-unsplash-scaled.jpg","height":1442,"width":2560},"keywords":["dieta","p\u0119cherzyk \u017c\u00f3\u0142ciowy","porady dietetyczne"]},{"@type":"BlogPosting","@id":"https:\/\/www.dietetyk.katowice.pl\/witamina-b13-jej-rola-zrodla-zagrozenia-wynikajace-z-niedoboru\/","headline":"Witamina B13 \u2013 jej rola, \u017ar\u00f3d\u0142a, zagro\u017cenia wynikaj\u0105ce z niedoboru","url":"https:\/\/www.dietetyk.katowice.pl\/witamina-b13-jej-rola-zrodla-zagrozenia-wynikajace-z-niedoboru\/","datePublished":"2018-07-16","dateModified":"2018-08-23","mainEntityOfPage":"https:\/\/www.dietetyk.katowice.pl\/witamina-b13-jej-rola-zrodla-zagrozenia-wynikajace-z-niedoboru\/","author":{"@type":"Person","@id":"https:\/\/www.dietetyk.katowice.pl\/author\/fizjodiet-medical-spa\/#Person","name":"FIZJODIET MEDICAL SPA","url":"https:\/\/www.dietetyk.katowice.pl\/author\/fizjodiet-medical-spa\/","image":{"@type":"ImageObject","@id":"https:\/\/secure.gravatar.com\/avatar\/8613260b4781952e90d43b623f90d184?s=96&d=mm&r=g","url":"https:\/\/secure.gravatar.com\/avatar\/8613260b4781952e90d43b623f90d184?s=96&d=mm&r=g","height":96,"width":96}},"publisher":null,"image":{"@type":"ImageObject","@id":"https:\/\/www.dietetyk.katowice.pl\/wp-content\/uploads\/2018\/07\/gabriel-gurrola-57458-unsplash-1-scaled.jpg","url":"https:\/\/www.dietetyk.katowice.pl\/wp-content\/uploads\/2018\/07\/gabriel-gurrola-57458-unsplash-1-scaled.jpg","height":1707,"width":2560},"keywords":["kwas orotowy","porady dietetyczne","witamina b13"]},{"@type":"BlogPosting","@id":"https:\/\/www.dietetyk.katowice.pl\/witamina-b12\/","headline":"Witamina B12 \u2013 jej rola, \u017ar\u00f3d\u0142a, zagro\u017cenia wynikaj\u0105ce z niedoboru","url":"https:\/\/www.dietetyk.katowice.pl\/witamina-b12\/","datePublished":"2018-07-09","dateModified":"2018-08-23","mainEntityOfPage":"https:\/\/www.dietetyk.katowice.pl\/witamina-b12\/","author":{"@type":"Person","@id":"https:\/\/www.dietetyk.katowice.pl\/author\/fizjodiet-medical-spa\/#Person","name":"FIZJODIET MEDICAL SPA","url":"https:\/\/www.dietetyk.katowice.pl\/author\/fizjodiet-medical-spa\/","image":{"@type":"ImageObject","@id":"https:\/\/secure.gravatar.com\/avatar\/8613260b4781952e90d43b623f90d184?s=96&d=mm&r=g","url":"https:\/\/secure.gravatar.com\/avatar\/8613260b4781952e90d43b623f90d184?s=96&d=mm&r=g","height":96,"width":96}},"publisher":null,"image":{"@type":"ImageObject","@id":"https:\/\/www.dietetyk.katowice.pl\/wp-content\/uploads\/2017\/10\/madry-wegetarianizm.jpeg","url":"https:\/\/www.dietetyk.katowice.pl\/wp-content\/uploads\/2017\/10\/madry-wegetarianizm.jpeg","height":427,"width":640},"keywords":["dietetyk Katowice","kobalamina","porady dietetyczne","witamina b12"]},{"@type":"BlogPosting","@id":"https:\/\/www.dietetyk.katowice.pl\/witamina-b9-kwas-foliowy-jej-rola-zrodla-zagrozenia-wynikajace-z-niedoboru\/","headline":"Witamina B9 \u2013 Kwas foliowy &#8211; jej rola, \u017ar\u00f3d\u0142a, zagro\u017cenia wynikaj\u0105ce z niedoboru","url":"https:\/\/www.dietetyk.katowice.pl\/witamina-b9-kwas-foliowy-jej-rola-zrodla-zagrozenia-wynikajace-z-niedoboru\/","datePublished":"2018-07-02","dateModified":"2020-04-10","mainEntityOfPage":"https:\/\/www.dietetyk.katowice.pl\/witamina-b9-kwas-foliowy-jej-rola-zrodla-zagrozenia-wynikajace-z-niedoboru\/","author":{"@type":"Person","@id":"https:\/\/www.dietetyk.katowice.pl\/author\/fizjodiet-medical-spa\/#Person","name":"FIZJODIET MEDICAL SPA","url":"https:\/\/www.dietetyk.katowice.pl\/author\/fizjodiet-medical-spa\/","image":{"@type":"ImageObject","@id":"https:\/\/secure.gravatar.com\/avatar\/8613260b4781952e90d43b623f90d184?s=96&d=mm&r=g","url":"https:\/\/secure.gravatar.com\/avatar\/8613260b4781952e90d43b623f90d184?s=96&d=mm&r=g","height":96,"width":96}},"publisher":null,"image":{"@type":"ImageObject","@id":"https:\/\/www.dietetyk.katowice.pl\/wp-content\/uploads\/2018\/07\/alfonso-cenname-53395-unsplash-scaled.jpg","url":"https:\/\/www.dietetyk.katowice.pl\/wp-content\/uploads\/2018\/07\/alfonso-cenname-53395-unsplash-scaled.jpg","height":1707,"width":2560},"keywords":["dietetyk Katowice","kwas foliowy","porady dietetyczne","witamina b9"]},{"@type":"BlogPosting","@id":"https:\/\/www.dietetyk.katowice.pl\/witamina-b8-inozytol-jej-rola-zrodla-zagrozenia-wynikajace-z-niedoboru\/","headline":"Witamina B8 \u2013 Inozytol &#8211; jej rola, \u017ar\u00f3d\u0142a, zagro\u017cenia wynikaj\u0105ce z niedoboru","url":"https:\/\/www.dietetyk.katowice.pl\/witamina-b8-inozytol-jej-rola-zrodla-zagrozenia-wynikajace-z-niedoboru\/","datePublished":"2018-06-25","dateModified":"2018-08-23","mainEntityOfPage":"https:\/\/www.dietetyk.katowice.pl\/witamina-b8-inozytol-jej-rola-zrodla-zagrozenia-wynikajace-z-niedoboru\/","author":{"@type":"Person","@id":"https:\/\/www.dietetyk.katowice.pl\/author\/fizjodiet-medical-spa\/#Person","name":"FIZJODIET MEDICAL SPA","url":"https:\/\/www.dietetyk.katowice.pl\/author\/fizjodiet-medical-spa\/","image":{"@type":"ImageObject","@id":"https:\/\/secure.gravatar.com\/avatar\/8613260b4781952e90d43b623f90d184?s=96&d=mm&r=g","url":"https:\/\/secure.gravatar.com\/avatar\/8613260b4781952e90d43b623f90d184?s=96&d=mm&r=g","height":96,"width":96}},"publisher":null,"image":{"@type":"ImageObject","@id":"https:\/\/www.dietetyk.katowice.pl\/wp-content\/uploads\/2018\/06\/kate-92831-unsplash-scaled.jpg","url":"https:\/\/www.dietetyk.katowice.pl\/wp-content\/uploads\/2018\/06\/kate-92831-unsplash-scaled.jpg","height":1703,"width":2560},"keywords":["dietetyk Katowice","inoztyol","insulinooporno\u015b\u0107","pco","porady dietetyczne","witamina b8"]},{"@type":"BlogPosting","@id":"https:\/\/www.dietetyk.katowice.pl\/witamina-b7-jej-rola-zrodla-zagrozenia-wynikajace-z-niedoboru\/","headline":"Witamina B7 &#8211; Biotyna \u2013 jej rola, \u017ar\u00f3d\u0142a, zagro\u017cenia wynikaj\u0105ce z niedoboru","url":"https:\/\/www.dietetyk.katowice.pl\/witamina-b7-jej-rola-zrodla-zagrozenia-wynikajace-z-niedoboru\/","datePublished":"2018-06-18","dateModified":"2018-08-23","mainEntityOfPage":"https:\/\/www.dietetyk.katowice.pl\/witamina-b7-jej-rola-zrodla-zagrozenia-wynikajace-z-niedoboru\/","author":{"@type":"Person","@id":"https:\/\/www.dietetyk.katowice.pl\/author\/fizjodiet-medical-spa\/#Person","name":"FIZJODIET MEDICAL SPA","url":"https:\/\/www.dietetyk.katowice.pl\/author\/fizjodiet-medical-spa\/","image":{"@type":"ImageObject","@id":"https:\/\/secure.gravatar.com\/avatar\/8613260b4781952e90d43b623f90d184?s=96&d=mm&r=g","url":"https:\/\/secure.gravatar.com\/avatar\/8613260b4781952e90d43b623f90d184?s=96&d=mm&r=g","height":96,"width":96}},"publisher":null,"image":{"@type":"ImageObject","@id":"https:\/\/www.dietetyk.katowice.pl\/wp-content\/uploads\/2018\/06\/dough-3082589_1920.jpg","url":"https:\/\/www.dietetyk.katowice.pl\/wp-content\/uploads\/2018\/06\/dough-3082589_1920.jpg","height":1280,"width":1920},"keywords":["dietetyk Katowice","porady dietetyczne","witamina b7"]}]}