






{"@context":"https:\/\/schema.org\/","@type":"CollectionPage","@id":"https:\/\/www.dietetyk.katowice.pl\/tag\/porady-dietetyczne\/#CollectionPage","headline":"porady dietetyczne Tag","description":"","url":"https:\/\/www.dietetyk.katowice.pl\/tag\/porady-dietetyczne\/","hasPart":[{"@type":"BlogPosting","@id":"https:\/\/www.dietetyk.katowice.pl\/dieta-w-refluksie-zoladkowo-przelykowym\/","headline":"Dieta w refluksie \u017co\u0142\u0105dkowo-prze\u0142ykowym","url":"https:\/\/www.dietetyk.katowice.pl\/dieta-w-refluksie-zoladkowo-przelykowym\/","datePublished":"2018-11-05","dateModified":"2018-11-05","mainEntityOfPage":"https:\/\/www.dietetyk.katowice.pl\/dieta-w-refluksie-zoladkowo-przelykowym\/","author":{"@type":"Person","@id":"https:\/\/www.dietetyk.katowice.pl\/author\/fizjodiet-medical-spa\/#Person","name":"FIZJODIET MEDICAL SPA","url":"https:\/\/www.dietetyk.katowice.pl\/author\/fizjodiet-medical-spa\/","image":{"@type":"ImageObject","@id":"https:\/\/secure.gravatar.com\/avatar\/8613260b4781952e90d43b623f90d184?s=96&d=mm&r=g","url":"https:\/\/secure.gravatar.com\/avatar\/8613260b4781952e90d43b623f90d184?s=96&d=mm&r=g","height":96,"width":96}},"publisher":null,"image":{"@type":"ImageObject","@id":"https:\/\/www.dietetyk.katowice.pl\/wp-content\/uploads\/2018\/11\/christian-wiediger-767141-unsplash-scaled.jpg","url":"https:\/\/www.dietetyk.katowice.pl\/wp-content\/uploads\/2018\/11\/christian-wiediger-767141-unsplash-scaled.jpg","height":2560,"width":1707},"keywords":["dieta w refluksie","porady dietetyczne","refluks","refluks \u017co\u0142\u0105dkowo-prze\u0142ykowy"]},{"@type":"BlogPosting","@id":"https:\/\/www.dietetyk.katowice.pl\/cynk-wlasciwosci-niedobor-zrodla\/","headline":"Cynk &#8211; w\u0142a\u015bciwo\u015bci, niedob\u00f3r, \u017ar\u00f3d\u0142a","url":"https:\/\/www.dietetyk.katowice.pl\/cynk-wlasciwosci-niedobor-zrodla\/","datePublished":"2018-10-29","dateModified":"2018-10-29","mainEntityOfPage":"https:\/\/www.dietetyk.katowice.pl\/cynk-wlasciwosci-niedobor-zrodla\/","author":{"@type":"Person","@id":"https:\/\/www.dietetyk.katowice.pl\/author\/fizjodiet-medical-spa\/#Person","name":"FIZJODIET MEDICAL SPA","url":"https:\/\/www.dietetyk.katowice.pl\/author\/fizjodiet-medical-spa\/","image":{"@type":"ImageObject","@id":"https:\/\/secure.gravatar.com\/avatar\/8613260b4781952e90d43b623f90d184?s=96&d=mm&r=g","url":"https:\/\/secure.gravatar.com\/avatar\/8613260b4781952e90d43b623f90d184?s=96&d=mm&r=g","height":96,"width":96}},"publisher":null,"image":{"@type":"ImageObject","@id":"https:\/\/www.dietetyk.katowice.pl\/wp-content\/uploads\/2018\/10\/19845847_s.jpg","url":"https:\/\/www.dietetyk.katowice.pl\/wp-content\/uploads\/2018\/10\/19845847_s.jpg","height":847,"width":565},"keywords":["cynk","niedob\u00f3r cynku","porady dietetyczne"]},{"@type":"BlogPosting","@id":"https:\/\/www.dietetyk.katowice.pl\/dieta-w-niedoczynnosci-tarczycy\/","headline":"Dieta w niedoczynno\u015bci tarczycy","url":"https:\/\/www.dietetyk.katowice.pl\/dieta-w-niedoczynnosci-tarczycy\/","datePublished":"2018-10-16","dateModified":"2018-10-16","mainEntityOfPage":"https:\/\/www.dietetyk.katowice.pl\/dieta-w-niedoczynnosci-tarczycy\/","author":{"@type":"Person","@id":"https:\/\/www.dietetyk.katowice.pl\/author\/fizjodiet-medical-spa\/#Person","name":"FIZJODIET MEDICAL SPA","url":"https:\/\/www.dietetyk.katowice.pl\/author\/fizjodiet-medical-spa\/","image":{"@type":"ImageObject","@id":"https:\/\/secure.gravatar.com\/avatar\/8613260b4781952e90d43b623f90d184?s=96&d=mm&r=g","url":"https:\/\/secure.gravatar.com\/avatar\/8613260b4781952e90d43b623f90d184?s=96&d=mm&r=g","height":96,"width":96}},"publisher":null,"image":{"@type":"ImageObject","@id":"https:\/\/www.dietetyk.katowice.pl\/wp-content\/uploads\/2018\/10\/44434673_s.jpg","url":"https:\/\/www.dietetyk.katowice.pl\/wp-content\/uploads\/2018\/10\/44434673_s.jpg","height":653,"width":733},"keywords":["dieta","hashimoto","niedoczynno\u015b\u0107 tarczycy","porady dietetyczne"]},{"@type":"BlogPosting","@id":"https:\/\/www.dietetyk.katowice.pl\/dieta-w-cukrzycy-typu-i\/","headline":"Dieta w cukrzycy typu I","url":"https:\/\/www.dietetyk.katowice.pl\/dieta-w-cukrzycy-typu-i\/","datePublished":"2018-10-08","dateModified":"2018-10-08","mainEntityOfPage":"https:\/\/www.dietetyk.katowice.pl\/dieta-w-cukrzycy-typu-i\/","author":{"@type":"Person","@id":"https:\/\/www.dietetyk.katowice.pl\/author\/fizjodiet-medical-spa\/#Person","name":"FIZJODIET MEDICAL SPA","url":"https:\/\/www.dietetyk.katowice.pl\/author\/fizjodiet-medical-spa\/","image":{"@type":"ImageObject","@id":"https:\/\/secure.gravatar.com\/avatar\/8613260b4781952e90d43b623f90d184?s=96&d=mm&r=g","url":"https:\/\/secure.gravatar.com\/avatar\/8613260b4781952e90d43b623f90d184?s=96&d=mm&r=g","height":96,"width":96}},"publisher":null,"image":{"@type":"ImageObject","@id":"https:\/\/www.dietetyk.katowice.pl\/wp-content\/uploads\/2018\/06\/kate-92831-unsplash-scaled.jpg","url":"https:\/\/www.dietetyk.katowice.pl\/wp-content\/uploads\/2018\/06\/kate-92831-unsplash-scaled.jpg","height":1703,"width":2560},"keywords":["cukrzyca","cukrzyca typu I","dieta w cukrzycy","porady dietetyczne"]},{"@type":"BlogPosting","@id":"https:\/\/www.dietetyk.katowice.pl\/dieta-w-dnie-moczanowej\/","headline":"Dieta w dnie moczanowej","url":"https:\/\/www.dietetyk.katowice.pl\/dieta-w-dnie-moczanowej\/","datePublished":"2018-09-24","dateModified":"2018-09-24","mainEntityOfPage":"https:\/\/www.dietetyk.katowice.pl\/dieta-w-dnie-moczanowej\/","author":{"@type":"Person","@id":"https:\/\/www.dietetyk.katowice.pl\/author\/fizjodiet-medical-spa\/#Person","name":"FIZJODIET MEDICAL SPA","url":"https:\/\/www.dietetyk.katowice.pl\/author\/fizjodiet-medical-spa\/","image":{"@type":"ImageObject","@id":"https:\/\/secure.gravatar.com\/avatar\/8613260b4781952e90d43b623f90d184?s=96&d=mm&r=g","url":"https:\/\/secure.gravatar.com\/avatar\/8613260b4781952e90d43b623f90d184?s=96&d=mm&r=g","height":96,"width":96}},"publisher":null,"image":{"@type":"ImageObject","@id":"https:\/\/www.dietetyk.katowice.pl\/wp-content\/uploads\/2018\/09\/34485041_s.jpg","url":"https:\/\/www.dietetyk.katowice.pl\/wp-content\/uploads\/2018\/09\/34485041_s.jpg","height":574,"width":835},"keywords":["dieta","dna moczanowa","porady dietetyczne"]},{"@type":"BlogPosting","@id":"https:\/\/www.dietetyk.katowice.pl\/dieta-przy-nadcisnieniu-tetniczym\/","headline":"Dieta przy nadci\u015bnieniu t\u0119tniczym","url":"https:\/\/www.dietetyk.katowice.pl\/dieta-przy-nadcisnieniu-tetniczym\/","datePublished":"2018-09-17","dateModified":"2018-09-17","mainEntityOfPage":"https:\/\/www.dietetyk.katowice.pl\/dieta-przy-nadcisnieniu-tetniczym\/","author":{"@type":"Person","@id":"https:\/\/www.dietetyk.katowice.pl\/author\/fizjodiet-medical-spa\/#Person","name":"FIZJODIET MEDICAL SPA","url":"https:\/\/www.dietetyk.katowice.pl\/author\/fizjodiet-medical-spa\/","image":{"@type":"ImageObject","@id":"https:\/\/secure.gravatar.com\/avatar\/8613260b4781952e90d43b623f90d184?s=96&d=mm&r=g","url":"https:\/\/secure.gravatar.com\/avatar\/8613260b4781952e90d43b623f90d184?s=96&d=mm&r=g","height":96,"width":96}},"publisher":null,"image":{"@type":"ImageObject","@id":"https:\/\/www.dietetyk.katowice.pl\/wp-content\/uploads\/2018\/09\/51450669_s.jpg","url":"https:\/\/www.dietetyk.katowice.pl\/wp-content\/uploads\/2018\/09\/51450669_s.jpg","height":565,"width":847},"keywords":["nadci\u015bnienie t\u0119tnicze","porady dietetyczne"]},{"@type":"BlogPosting","@id":"https:\/\/www.dietetyk.katowice.pl\/dieta-w-czasie-zaparc-co-jesc-podczas-zaparcia\/","headline":"Dieta w czasie zapar\u0107 &#8211; co je\u015b\u0107 podczas zaparcia?","url":"https:\/\/www.dietetyk.katowice.pl\/dieta-w-czasie-zaparc-co-jesc-podczas-zaparcia\/","datePublished":"2018-09-10","dateModified":"2018-09-10","mainEntityOfPage":"https:\/\/www.dietetyk.katowice.pl\/dieta-w-czasie-zaparc-co-jesc-podczas-zaparcia\/","author":{"@type":"Person","@id":"https:\/\/www.dietetyk.katowice.pl\/author\/fizjodiet-medical-spa\/#Person","name":"FIZJODIET MEDICAL SPA","url":"https:\/\/www.dietetyk.katowice.pl\/author\/fizjodiet-medical-spa\/","image":{"@type":"ImageObject","@id":"https:\/\/secure.gravatar.com\/avatar\/8613260b4781952e90d43b623f90d184?s=96&d=mm&r=g","url":"https:\/\/secure.gravatar.com\/avatar\/8613260b4781952e90d43b623f90d184?s=96&d=mm&r=g","height":96,"width":96}},"publisher":null,"image":{"@type":"ImageObject","@id":"https:\/\/www.dietetyk.katowice.pl\/wp-content\/uploads\/2018\/09\/43403447_s.jpg","url":"https:\/\/www.dietetyk.katowice.pl\/wp-content\/uploads\/2018\/09\/43403447_s.jpg","height":565,"width":848},"keywords":["b\u0142onnik","porady dietetyczne","zaparcia"]},{"@type":"BlogPosting","@id":"https:\/\/www.dietetyk.katowice.pl\/grzyby-mun-wlasciwosci-lecznicze\/","headline":"Grzyby Mun &#8211; w\u0142a\u015bciwo\u015bci lecznicze","url":"https:\/\/www.dietetyk.katowice.pl\/grzyby-mun-wlasciwosci-lecznicze\/","datePublished":"2018-09-03","dateModified":"2018-09-03","mainEntityOfPage":"https:\/\/www.dietetyk.katowice.pl\/grzyby-mun-wlasciwosci-lecznicze\/","author":{"@type":"Person","@id":"https:\/\/www.dietetyk.katowice.pl\/author\/fizjodiet-medical-spa\/#Person","name":"FIZJODIET MEDICAL SPA","url":"https:\/\/www.dietetyk.katowice.pl\/author\/fizjodiet-medical-spa\/","image":{"@type":"ImageObject","@id":"https:\/\/secure.gravatar.com\/avatar\/8613260b4781952e90d43b623f90d184?s=96&d=mm&r=g","url":"https:\/\/secure.gravatar.com\/avatar\/8613260b4781952e90d43b623f90d184?s=96&d=mm&r=g","height":96,"width":96}},"publisher":null,"image":{"@type":"ImageObject","@id":"https:\/\/www.dietetyk.katowice.pl\/wp-content\/uploads\/2018\/08\/74420120_s.jpg","url":"https:\/\/www.dietetyk.katowice.pl\/wp-content\/uploads\/2018\/08\/74420120_s.jpg","height":565,"width":848},"keywords":["grzyby mun","porady dietetyczne","superfoods"]},{"@type":"BlogPosting","@id":"https:\/\/www.dietetyk.katowice.pl\/mlody-zielony-jeczmien-wlasciwosci-lecznicze\/","headline":"M\u0142ody zielony j\u0119czmie\u0144 &#8211; w\u0142a\u015bciwo\u015bci lecznicze","url":"https:\/\/www.dietetyk.katowice.pl\/mlody-zielony-jeczmien-wlasciwosci-lecznicze\/","datePublished":"2018-08-31","dateModified":"2018-08-31","mainEntityOfPage":"https:\/\/www.dietetyk.katowice.pl\/mlody-zielony-jeczmien-wlasciwosci-lecznicze\/","author":{"@type":"Person","@id":"https:\/\/www.dietetyk.katowice.pl\/author\/fizjodiet-medical-spa\/#Person","name":"FIZJODIET MEDICAL SPA","url":"https:\/\/www.dietetyk.katowice.pl\/author\/fizjodiet-medical-spa\/","image":{"@type":"ImageObject","@id":"https:\/\/secure.gravatar.com\/avatar\/8613260b4781952e90d43b623f90d184?s=96&d=mm&r=g","url":"https:\/\/secure.gravatar.com\/avatar\/8613260b4781952e90d43b623f90d184?s=96&d=mm&r=g","height":96,"width":96}},"publisher":null,"image":{"@type":"ImageObject","@id":"https:\/\/www.dietetyk.katowice.pl\/wp-content\/uploads\/2018\/08\/43433922_s.jpg","url":"https:\/\/www.dietetyk.katowice.pl\/wp-content\/uploads\/2018\/08\/43433922_s.jpg","height":594,"width":806},"keywords":["m\u0142ody j\u0119czmie\u0144","porady dietetyczne","superfoods","zielony j\u0119czmie\u0144"]},{"@type":"BlogPosting","@id":"https:\/\/www.dietetyk.katowice.pl\/suszona-zurawina-wlasciwosci-lecznicze\/","headline":"Suszona \u017curawina &#8211; w\u0142a\u015bciwo\u015bci lecznicze","url":"https:\/\/www.dietetyk.katowice.pl\/suszona-zurawina-wlasciwosci-lecznicze\/","datePublished":"2018-08-06","dateModified":"2018-08-23","mainEntityOfPage":"https:\/\/www.dietetyk.katowice.pl\/suszona-zurawina-wlasciwosci-lecznicze\/","author":{"@type":"Person","@id":"https:\/\/www.dietetyk.katowice.pl\/author\/fizjodiet-medical-spa\/#Person","name":"FIZJODIET MEDICAL SPA","url":"https:\/\/www.dietetyk.katowice.pl\/author\/fizjodiet-medical-spa\/","image":{"@type":"ImageObject","@id":"https:\/\/secure.gravatar.com\/avatar\/8613260b4781952e90d43b623f90d184?s=96&d=mm&r=g","url":"https:\/\/secure.gravatar.com\/avatar\/8613260b4781952e90d43b623f90d184?s=96&d=mm&r=g","height":96,"width":96}},"publisher":null,"image":{"@type":"ImageObject","@id":"https:\/\/www.dietetyk.katowice.pl\/wp-content\/uploads\/2018\/08\/joanna-kosinska-488793-unsplash-scaled.jpg","url":"https:\/\/www.dietetyk.katowice.pl\/wp-content\/uploads\/2018\/08\/joanna-kosinska-488793-unsplash-scaled.jpg","height":1709,"width":2560},"keywords":["porady dietetyczne","superfoods","\u017curawina"]}]}