






{"@context":"https:\/\/schema.org\/","@type":"CollectionPage","@id":"https:\/\/www.dietetyk.katowice.pl\/tag\/obiad\/#CollectionPage","headline":"obiad Tag","description":"","url":"https:\/\/www.dietetyk.katowice.pl\/tag\/obiad\/","hasPart":[{"@type":"BlogPosting","@id":"https:\/\/www.dietetyk.katowice.pl\/ryz-z-ciecierzyca-i-warzywami\/","headline":"Ry\u017c z ciecierzyc\u0105 i warzywami","url":"https:\/\/www.dietetyk.katowice.pl\/ryz-z-ciecierzyca-i-warzywami\/","datePublished":"2018-01-04","dateModified":"2020-04-10","mainEntityOfPage":"https:\/\/www.dietetyk.katowice.pl\/ryz-z-ciecierzyca-i-warzywami\/","author":{"@type":"Person","@id":"https:\/\/www.dietetyk.katowice.pl\/author\/fizjodiet-medical-spa\/#Person","name":"FIZJODIET MEDICAL SPA","url":"https:\/\/www.dietetyk.katowice.pl\/author\/fizjodiet-medical-spa\/","image":{"@type":"ImageObject","@id":"https:\/\/secure.gravatar.com\/avatar\/8613260b4781952e90d43b623f90d184?s=96&d=mm&r=g","url":"https:\/\/secure.gravatar.com\/avatar\/8613260b4781952e90d43b623f90d184?s=96&d=mm&r=g","height":96,"width":96}},"publisher":null,"image":{"@type":"ImageObject","@id":"https:\/\/www.dietetyk.katowice.pl\/wp-content\/uploads\/2018\/01\/64968893_s.jpg","url":"https:\/\/www.dietetyk.katowice.pl\/wp-content\/uploads\/2018\/01\/64968893_s.jpg","height":300,"width":450},"keywords":["dietetyk chorz\u00f3w","dietetyk Katowice","dietetyk sosnowiec","dietetyk tychy","obiad","odchudzanie","przepis dla dzieci","Przepis odchudzaj\u0105cy","przepisy dietetyczne"]},{"@type":"BlogPosting","@id":"https:\/\/www.dietetyk.katowice.pl\/pieczony-kalafior-parmezanowej-posypce\/","headline":"Pieczony kalafior w parmezanowej posypce","url":"https:\/\/www.dietetyk.katowice.pl\/pieczony-kalafior-parmezanowej-posypce\/","datePublished":"2017-12-11","dateModified":"2017-12-11","mainEntityOfPage":"https:\/\/www.dietetyk.katowice.pl\/pieczony-kalafior-parmezanowej-posypce\/","author":{"@type":"Person","@id":"https:\/\/www.dietetyk.katowice.pl\/author\/dietetyk-katowice\/#Person","name":"Dietetyk Katowice","url":"https:\/\/www.dietetyk.katowice.pl\/author\/dietetyk-katowice\/","image":{"@type":"ImageObject","@id":"https:\/\/secure.gravatar.com\/avatar\/?s=96&d=mm&r=g","url":"https:\/\/secure.gravatar.com\/avatar\/?s=96&d=mm&r=g","height":96,"width":96}},"publisher":null,"image":{"@type":"ImageObject","@id":"https:\/\/www.dietetyk.katowice.pl\/wp-content\/uploads\/2017\/12\/3756722.jpg","url":"https:\/\/www.dietetyk.katowice.pl\/wp-content\/uploads\/2017\/12\/3756722.jpg","height":960,"width":960},"keywords":["dietetyk Katowice","dietetyk sosnowiec","dietetyk tychy","diety odchudzaj\u0105ce","obiad","odchudzanie","przepis dla dzieci","przepis dla sportowc\u00f3w","Przepis odchudzaj\u0105cy","przepisy dietetyczne"]},{"@type":"BlogPosting","@id":"https:\/\/www.dietetyk.katowice.pl\/szybka-salatka-z-kurczakiem-pomidorami-i-brokulami\/","headline":"Szybka sa\u0142atka z kurczakiem, pomidorami i broku\u0142ami w aromatycznym sosie","url":"https:\/\/www.dietetyk.katowice.pl\/szybka-salatka-z-kurczakiem-pomidorami-i-brokulami\/","datePublished":"2017-11-20","dateModified":"2017-11-20","mainEntityOfPage":"https:\/\/www.dietetyk.katowice.pl\/szybka-salatka-z-kurczakiem-pomidorami-i-brokulami\/","author":{"@type":"Person","@id":"https:\/\/www.dietetyk.katowice.pl\/author\/dietetyk-katowice\/#Person","name":"Dietetyk Katowice","url":"https:\/\/www.dietetyk.katowice.pl\/author\/dietetyk-katowice\/","image":{"@type":"ImageObject","@id":"https:\/\/secure.gravatar.com\/avatar\/?s=96&d=mm&r=g","url":"https:\/\/secure.gravatar.com\/avatar\/?s=96&d=mm&r=g","height":96,"width":96}},"publisher":null,"image":{"@type":"ImageObject","@id":"https:\/\/www.dietetyk.katowice.pl\/wp-content\/uploads\/2017\/11\/4063389.jpg","url":"https:\/\/www.dietetyk.katowice.pl\/wp-content\/uploads\/2017\/11\/4063389.jpg","height":960,"width":960},"keywords":["dieta","dieta katowice","dietetyk chorz\u00f3w","dietetyk Katowice","dietetyk sosnowiec","dietetyk tychy","obiad","odchudzanie","przepis dla dzieci","Przepis odchudzaj\u0105cy","przepisy dietetyczne"]},{"@type":"BlogPosting","@id":"https:\/\/www.dietetyk.katowice.pl\/pozywna-zupa-warzywna-z-kurczakiem\/","headline":"Po\u017cywna zupa warzywna z kurczakiem, kolendr\u0105 i limonk\u0105","url":"https:\/\/www.dietetyk.katowice.pl\/pozywna-zupa-warzywna-z-kurczakiem\/","datePublished":"2017-11-06","dateModified":"2017-11-06","mainEntityOfPage":"https:\/\/www.dietetyk.katowice.pl\/pozywna-zupa-warzywna-z-kurczakiem\/","author":{"@type":"Person","@id":"https:\/\/www.dietetyk.katowice.pl\/author\/dietetyk-katowice\/#Person","name":"Dietetyk Katowice","url":"https:\/\/www.dietetyk.katowice.pl\/author\/dietetyk-katowice\/","image":{"@type":"ImageObject","@id":"https:\/\/secure.gravatar.com\/avatar\/?s=96&d=mm&r=g","url":"https:\/\/secure.gravatar.com\/avatar\/?s=96&d=mm&r=g","height":96,"width":96}},"publisher":null,"image":{"@type":"ImageObject","@id":"https:\/\/www.dietetyk.katowice.pl\/wp-content\/uploads\/2017\/11\/3935451.jpg","url":"https:\/\/www.dietetyk.katowice.pl\/wp-content\/uploads\/2017\/11\/3935451.jpg","height":960,"width":960},"keywords":["dietetyk Katowice","dietetyk sosnowiec","dietetyk tychy","diety odchudzaj\u0105ce","obiad","przepis dla dzieci","Przepis odchudzaj\u0105cy","przepisy dietetyczne"]}]}