






{"@context":"https:\/\/schema.org\/","@type":"CollectionPage","@id":"https:\/\/www.dietetyk.katowice.pl\/tag\/kurczak\/#CollectionPage","headline":"kurczak Tag","description":"","url":"https:\/\/www.dietetyk.katowice.pl\/tag\/kurczak\/","hasPart":[{"@type":"BlogPosting","@id":"https:\/\/www.dietetyk.katowice.pl\/bogracz-z-kurczaka\/","headline":"Bogracz z kurczaka","url":"https:\/\/www.dietetyk.katowice.pl\/bogracz-z-kurczaka\/","datePublished":"2021-12-15","dateModified":"2021-12-15","mainEntityOfPage":"https:\/\/www.dietetyk.katowice.pl\/bogracz-z-kurczaka\/","author":{"@type":"Person","@id":"https:\/\/www.dietetyk.katowice.pl\/author\/fizjodiet-medical-spa\/#Person","name":"FIZJODIET MEDICAL SPA","url":"https:\/\/www.dietetyk.katowice.pl\/author\/fizjodiet-medical-spa\/","image":{"@type":"ImageObject","@id":"https:\/\/secure.gravatar.com\/avatar\/8613260b4781952e90d43b623f90d184?s=96&d=mm&r=g","url":"https:\/\/secure.gravatar.com\/avatar\/8613260b4781952e90d43b623f90d184?s=96&d=mm&r=g","height":96,"width":96}},"publisher":null,"image":{"@type":"ImageObject","@id":"https:\/\/www.dietetyk.katowice.pl\/wp-content\/uploads\/2021\/12\/goulash-soup-2021-08-26-17-13-42-utc-scaled.jpg","url":"https:\/\/www.dietetyk.katowice.pl\/wp-content\/uploads\/2021\/12\/goulash-soup-2021-08-26-17-13-42-utc-scaled.jpg","height":2560,"width":1696},"keywords":["Bogracz z kurczaka","dietetyczne przepisy","kurczak","obiad","przepisy dietetyczne"]},{"@type":"BlogPosting","@id":"https:\/\/www.dietetyk.katowice.pl\/makaron-ze-szpinakiem-i-awokado\/","headline":"Makaron ze szpinakiem i awokado","url":"https:\/\/www.dietetyk.katowice.pl\/makaron-ze-szpinakiem-i-awokado\/","datePublished":"2021-08-02","dateModified":"2021-08-02","mainEntityOfPage":"https:\/\/www.dietetyk.katowice.pl\/makaron-ze-szpinakiem-i-awokado\/","author":{"@type":"Person","@id":"https:\/\/www.dietetyk.katowice.pl\/author\/fizjodiet-medical-spa\/#Person","name":"FIZJODIET MEDICAL SPA","url":"https:\/\/www.dietetyk.katowice.pl\/author\/fizjodiet-medical-spa\/","image":{"@type":"ImageObject","@id":"https:\/\/secure.gravatar.com\/avatar\/8613260b4781952e90d43b623f90d184?s=96&d=mm&r=g","url":"https:\/\/secure.gravatar.com\/avatar\/8613260b4781952e90d43b623f90d184?s=96&d=mm&r=g","height":96,"width":96}},"publisher":null,"image":{"@type":"ImageObject","@id":"https:\/\/www.dietetyk.katowice.pl\/wp-content\/uploads\/2021\/08\/top-view-on-pasta-with-avocado-2021-04-02-22-58-23-utc-scaled.jpg","url":"https:\/\/www.dietetyk.katowice.pl\/wp-content\/uploads\/2021\/08\/top-view-on-pasta-with-avocado-2021-04-02-22-58-23-utc-scaled.jpg","height":2560,"width":1707},"keywords":["awokado","dietetyczne przepisy","kurczak","makaron","obiad","przepisy dietetyczne","szpinak"]},{"@type":"BlogPosting","@id":"https:\/\/www.dietetyk.katowice.pl\/dietetyczny-kurczak-slodko-kwasny\/","headline":"Dietetyczny kurczak s\u0142odko-kwa\u015bny","url":"https:\/\/www.dietetyk.katowice.pl\/dietetyczny-kurczak-slodko-kwasny\/","datePublished":"2020-06-04","dateModified":"2020-06-04","mainEntityOfPage":"https:\/\/www.dietetyk.katowice.pl\/dietetyczny-kurczak-slodko-kwasny\/","author":{"@type":"Person","@id":"https:\/\/www.dietetyk.katowice.pl\/author\/fizjodiet-medical-spa\/#Person","name":"FIZJODIET MEDICAL SPA","url":"https:\/\/www.dietetyk.katowice.pl\/author\/fizjodiet-medical-spa\/","image":{"@type":"ImageObject","@id":"https:\/\/secure.gravatar.com\/avatar\/8613260b4781952e90d43b623f90d184?s=96&d=mm&r=g","url":"https:\/\/secure.gravatar.com\/avatar\/8613260b4781952e90d43b623f90d184?s=96&d=mm&r=g","height":96,"width":96}},"publisher":null,"image":{"@type":"ImageObject","@id":"https:\/\/www.dietetyk.katowice.pl\/wp-content\/uploads\/2020\/06\/homemade-pineapple-chicken-fried-rice-G35CRDX-scaled.jpg","url":"https:\/\/www.dietetyk.katowice.pl\/wp-content\/uploads\/2020\/06\/homemade-pineapple-chicken-fried-rice-G35CRDX-scaled.jpg","height":1707,"width":2560},"keywords":["dietetyczne przepisy","kurczak","obiad","przepisy dietetyczne"]},{"@type":"BlogPosting","@id":"https:\/\/www.dietetyk.katowice.pl\/udka-pieczone-w-sosie-jogurtowym\/","headline":"Udka pieczone w sosie jogurtowym","url":"https:\/\/www.dietetyk.katowice.pl\/udka-pieczone-w-sosie-jogurtowym\/","datePublished":"2019-08-19","dateModified":"2019-08-19","mainEntityOfPage":"https:\/\/www.dietetyk.katowice.pl\/udka-pieczone-w-sosie-jogurtowym\/","author":{"@type":"Person","@id":"https:\/\/www.dietetyk.katowice.pl\/author\/fizjodiet-medical-spa\/#Person","name":"FIZJODIET MEDICAL SPA","url":"https:\/\/www.dietetyk.katowice.pl\/author\/fizjodiet-medical-spa\/","image":{"@type":"ImageObject","@id":"https:\/\/secure.gravatar.com\/avatar\/8613260b4781952e90d43b623f90d184?s=96&d=mm&r=g","url":"https:\/\/secure.gravatar.com\/avatar\/8613260b4781952e90d43b623f90d184?s=96&d=mm&r=g","height":96,"width":96}},"publisher":null,"image":{"@type":"ImageObject","@id":"https:\/\/www.dietetyk.katowice.pl\/wp-content\/uploads\/2019\/08\/coconut-garlic-lime-chicken-legs-P9XW223-scaled.jpg","url":"https:\/\/www.dietetyk.katowice.pl\/wp-content\/uploads\/2019\/08\/coconut-garlic-lime-chicken-legs-P9XW223-scaled.jpg","height":1696,"width":2560},"keywords":["dietetyczne przepisy","kurczak","obiad","przepisy dietetyczne","udka"]},{"@type":"BlogPosting","@id":"https:\/\/www.dietetyk.katowice.pl\/zapiekanka-makaronowa-z-kurczakiem-i-warzywami\/","headline":"Zapiekanka makaronowa z kurczakiem i warzywami","url":"https:\/\/www.dietetyk.katowice.pl\/zapiekanka-makaronowa-z-kurczakiem-i-warzywami\/","datePublished":"2019-03-25","dateModified":"2019-03-25","mainEntityOfPage":"https:\/\/www.dietetyk.katowice.pl\/zapiekanka-makaronowa-z-kurczakiem-i-warzywami\/","author":{"@type":"Person","@id":"https:\/\/www.dietetyk.katowice.pl\/author\/fizjodiet-medical-spa\/#Person","name":"FIZJODIET MEDICAL SPA","url":"https:\/\/www.dietetyk.katowice.pl\/author\/fizjodiet-medical-spa\/","image":{"@type":"ImageObject","@id":"https:\/\/secure.gravatar.com\/avatar\/8613260b4781952e90d43b623f90d184?s=96&d=mm&r=g","url":"https:\/\/secure.gravatar.com\/avatar\/8613260b4781952e90d43b623f90d184?s=96&d=mm&r=g","height":96,"width":96}},"publisher":null,"image":{"@type":"ImageObject","@id":"https:\/\/www.dietetyk.katowice.pl\/wp-content\/uploads\/2019\/03\/8558246_s.jpg","url":"https:\/\/www.dietetyk.katowice.pl\/wp-content\/uploads\/2019\/03\/8558246_s.jpg","height":565,"width":848},"keywords":["dietetyczne przepisy","kurczak","makaron","obiad","zapiekanka"]},{"@type":"BlogPosting","@id":"https:\/\/www.dietetyk.katowice.pl\/dietetyczne-golabki-w-sosie-pomidorowym\/","headline":"Dietetyczne go\u0142\u0105bki w sosie pomidorowym","url":"https:\/\/www.dietetyk.katowice.pl\/dietetyczne-golabki-w-sosie-pomidorowym\/","datePublished":"2019-03-20","dateModified":"2019-03-20","mainEntityOfPage":"https:\/\/www.dietetyk.katowice.pl\/dietetyczne-golabki-w-sosie-pomidorowym\/","author":{"@type":"Person","@id":"https:\/\/www.dietetyk.katowice.pl\/author\/fizjodiet-medical-spa\/#Person","name":"FIZJODIET MEDICAL SPA","url":"https:\/\/www.dietetyk.katowice.pl\/author\/fizjodiet-medical-spa\/","image":{"@type":"ImageObject","@id":"https:\/\/secure.gravatar.com\/avatar\/8613260b4781952e90d43b623f90d184?s=96&d=mm&r=g","url":"https:\/\/secure.gravatar.com\/avatar\/8613260b4781952e90d43b623f90d184?s=96&d=mm&r=g","height":96,"width":96}},"publisher":null,"image":{"@type":"ImageObject","@id":"https:\/\/www.dietetyk.katowice.pl\/wp-content\/uploads\/2019\/03\/56449545_s.jpg","url":"https:\/\/www.dietetyk.katowice.pl\/wp-content\/uploads\/2019\/03\/56449545_s.jpg","height":563,"width":850},"keywords":["dietetyczne go\u0142\u0105bki","go\u0142\u0105bki","kuchnia polska","kurczak","obiad","ry\u017c"]},{"@type":"BlogPosting","@id":"https:\/\/www.dietetyk.katowice.pl\/dietetyczne-poledwiczki-w-sosie-pieczarkowym\/","headline":"Dietetyczne pol\u0119dwiczki w sosie pieczarkowym","url":"https:\/\/www.dietetyk.katowice.pl\/dietetyczne-poledwiczki-w-sosie-pieczarkowym\/","datePublished":"2019-02-26","dateModified":"2019-02-26","mainEntityOfPage":"https:\/\/www.dietetyk.katowice.pl\/dietetyczne-poledwiczki-w-sosie-pieczarkowym\/","author":{"@type":"Person","@id":"https:\/\/www.dietetyk.katowice.pl\/author\/fizjodiet-medical-spa\/#Person","name":"FIZJODIET MEDICAL SPA","url":"https:\/\/www.dietetyk.katowice.pl\/author\/fizjodiet-medical-spa\/","image":{"@type":"ImageObject","@id":"https:\/\/secure.gravatar.com\/avatar\/8613260b4781952e90d43b623f90d184?s=96&d=mm&r=g","url":"https:\/\/secure.gravatar.com\/avatar\/8613260b4781952e90d43b623f90d184?s=96&d=mm&r=g","height":96,"width":96}},"publisher":null,"image":{"@type":"ImageObject","@id":"https:\/\/www.dietetyk.katowice.pl\/wp-content\/uploads\/2019\/01\/66060657_s.jpg","url":"https:\/\/www.dietetyk.katowice.pl\/wp-content\/uploads\/2019\/01\/66060657_s.jpg","height":565,"width":847},"keywords":["dieta","indyk","kurczak","obiad","przepisy dietetyczne","sos"]},{"@type":"BlogPosting","@id":"https:\/\/www.dietetyk.katowice.pl\/tajska-zupa-z-kurczakiem\/","headline":"Tajska zupa z kurczakiem","url":"https:\/\/www.dietetyk.katowice.pl\/tajska-zupa-z-kurczakiem\/","datePublished":"2018-10-25","dateModified":"2018-10-25","mainEntityOfPage":"https:\/\/www.dietetyk.katowice.pl\/tajska-zupa-z-kurczakiem\/","author":{"@type":"Person","@id":"https:\/\/www.dietetyk.katowice.pl\/author\/fizjodiet-medical-spa\/#Person","name":"FIZJODIET MEDICAL SPA","url":"https:\/\/www.dietetyk.katowice.pl\/author\/fizjodiet-medical-spa\/","image":{"@type":"ImageObject","@id":"https:\/\/secure.gravatar.com\/avatar\/8613260b4781952e90d43b623f90d184?s=96&d=mm&r=g","url":"https:\/\/secure.gravatar.com\/avatar\/8613260b4781952e90d43b623f90d184?s=96&d=mm&r=g","height":96,"width":96}},"publisher":null,"image":{"@type":"ImageObject","@id":"https:\/\/www.dietetyk.katowice.pl\/wp-content\/uploads\/2018\/10\/natural-chef-carolyn-nicholas-560118-unsplash-scaled.jpg","url":"https:\/\/www.dietetyk.katowice.pl\/wp-content\/uploads\/2018\/10\/natural-chef-carolyn-nicholas-560118-unsplash-scaled.jpg","height":2560,"width":1707},"keywords":["kurczak","obiad","przepisy dietetyczne","tajska zupa z kurczakiem","zupa"]},{"@type":"BlogPosting","@id":"https:\/\/www.dietetyk.katowice.pl\/paella-z-kurczakiem\/","headline":"Paella z kurczakiem","url":"https:\/\/www.dietetyk.katowice.pl\/paella-z-kurczakiem\/","datePublished":"2018-10-04","dateModified":"2018-10-04","mainEntityOfPage":"https:\/\/www.dietetyk.katowice.pl\/paella-z-kurczakiem\/","author":{"@type":"Person","@id":"https:\/\/www.dietetyk.katowice.pl\/author\/fizjodiet-medical-spa\/#Person","name":"FIZJODIET MEDICAL SPA","url":"https:\/\/www.dietetyk.katowice.pl\/author\/fizjodiet-medical-spa\/","image":{"@type":"ImageObject","@id":"https:\/\/secure.gravatar.com\/avatar\/8613260b4781952e90d43b623f90d184?s=96&d=mm&r=g","url":"https:\/\/secure.gravatar.com\/avatar\/8613260b4781952e90d43b623f90d184?s=96&d=mm&r=g","height":96,"width":96}},"publisher":null,"image":{"@type":"ImageObject","@id":"https:\/\/www.dietetyk.katowice.pl\/wp-content\/uploads\/2018\/10\/neonbrand-231219-unsplash-scaled.jpg","url":"https:\/\/www.dietetyk.katowice.pl\/wp-content\/uploads\/2018\/10\/neonbrand-231219-unsplash-scaled.jpg","height":2091,"width":2560},"keywords":["kolacja","kurczak","obiad","przepisy dietetyczne"]},{"@type":"BlogPosting","@id":"https:\/\/www.dietetyk.katowice.pl\/kaszotto-z-kaszy-gryczanej-ze-szpinakiem-i-kurczakiem\/","headline":"Kaszotto z kaszy gryczanej","url":"https:\/\/www.dietetyk.katowice.pl\/kaszotto-z-kaszy-gryczanej-ze-szpinakiem-i-kurczakiem\/","datePublished":"2018-05-18","dateModified":"2018-08-23","mainEntityOfPage":"https:\/\/www.dietetyk.katowice.pl\/kaszotto-z-kaszy-gryczanej-ze-szpinakiem-i-kurczakiem\/","author":{"@type":"Person","@id":"https:\/\/www.dietetyk.katowice.pl\/author\/fizjodiet-medical-spa\/#Person","name":"FIZJODIET MEDICAL SPA","url":"https:\/\/www.dietetyk.katowice.pl\/author\/fizjodiet-medical-spa\/","image":{"@type":"ImageObject","@id":"https:\/\/secure.gravatar.com\/avatar\/8613260b4781952e90d43b623f90d184?s=96&d=mm&r=g","url":"https:\/\/secure.gravatar.com\/avatar\/8613260b4781952e90d43b623f90d184?s=96&d=mm&r=g","height":96,"width":96}},"publisher":null,"image":{"@type":"ImageObject","@id":"https:\/\/www.dietetyk.katowice.pl\/wp-content\/uploads\/2018\/05\/100674190_m.jpg","url":"https:\/\/www.dietetyk.katowice.pl\/wp-content\/uploads\/2018\/05\/100674190_m.jpg","height":1672,"width":2508},"keywords":["dieta","dietetyk Katowice","kasza","kurczak","obiad","przepisy dietetyczne"]}]}