






{"@context":"https:\/\/schema.org\/","@type":"CollectionPage","@id":"https:\/\/www.dietetyk.katowice.pl\/tag\/kolacja\/#CollectionPage","headline":"kolacja Tag","description":"","url":"https:\/\/www.dietetyk.katowice.pl\/tag\/kolacja\/","hasPart":[{"@type":"BlogPosting","@id":"https:\/\/www.dietetyk.katowice.pl\/omlet-po-grecku\/","headline":"Omlet po grecku","url":"https:\/\/www.dietetyk.katowice.pl\/omlet-po-grecku\/","datePublished":"2021-09-06","dateModified":"2021-09-06","mainEntityOfPage":"https:\/\/www.dietetyk.katowice.pl\/omlet-po-grecku\/","author":{"@type":"Person","@id":"https:\/\/www.dietetyk.katowice.pl\/author\/fizjodiet-medical-spa\/#Person","name":"FIZJODIET MEDICAL SPA","url":"https:\/\/www.dietetyk.katowice.pl\/author\/fizjodiet-medical-spa\/","image":{"@type":"ImageObject","@id":"https:\/\/secure.gravatar.com\/avatar\/8613260b4781952e90d43b623f90d184?s=96&d=mm&r=g","url":"https:\/\/secure.gravatar.com\/avatar\/8613260b4781952e90d43b623f90d184?s=96&d=mm&r=g","height":96,"width":96}},"publisher":null,"image":{"@type":"ImageObject","@id":"https:\/\/www.dietetyk.katowice.pl\/wp-content\/uploads\/2021\/09\/homemade-spinach-and-feta-fritatta-PM8ZLAY-scaled.jpg","url":"https:\/\/www.dietetyk.katowice.pl\/wp-content\/uploads\/2021\/09\/homemade-spinach-and-feta-fritatta-PM8ZLAY-scaled.jpg","height":1707,"width":2560},"keywords":["dietetyczne przepisy","jajka","kolacja","omlet","przepisy dietetyczne","\u015bniadanie"]},{"@type":"BlogPosting","@id":"https:\/\/www.dietetyk.katowice.pl\/salatka-ziemniaczana-z-rzodkiewka-ogorkiem-i-feta\/","headline":"Sa\u0142atka ziemniaczana z rzodkiewk\u0105, og\u00f3rkiem i fet\u0105","url":"https:\/\/www.dietetyk.katowice.pl\/salatka-ziemniaczana-z-rzodkiewka-ogorkiem-i-feta\/","datePublished":"2021-03-09","dateModified":"2021-03-09","mainEntityOfPage":"https:\/\/www.dietetyk.katowice.pl\/salatka-ziemniaczana-z-rzodkiewka-ogorkiem-i-feta\/","author":{"@type":"Person","@id":"https:\/\/www.dietetyk.katowice.pl\/author\/fizjodiet-medical-spa\/#Person","name":"FIZJODIET MEDICAL SPA","url":"https:\/\/www.dietetyk.katowice.pl\/author\/fizjodiet-medical-spa\/","image":{"@type":"ImageObject","@id":"https:\/\/secure.gravatar.com\/avatar\/8613260b4781952e90d43b623f90d184?s=96&d=mm&r=g","url":"https:\/\/secure.gravatar.com\/avatar\/8613260b4781952e90d43b623f90d184?s=96&d=mm&r=g","height":96,"width":96}},"publisher":null,"image":{"@type":"ImageObject","@id":"https:\/\/www.dietetyk.katowice.pl\/wp-content\/uploads\/2021\/03\/potato-salad-P7S2Y9Q-scaled.jpg","url":"https:\/\/www.dietetyk.katowice.pl\/wp-content\/uploads\/2021\/03\/potato-salad-P7S2Y9Q-scaled.jpg","height":1707,"width":2560},"keywords":["dietetyczne przepisy","feta","kolacja","obiad","przepisy dietetyczne","sa\u0142atka","ziemniaki"]},{"@type":"BlogPosting","@id":"https:\/\/www.dietetyk.katowice.pl\/dietetyczna-ryba-po-grecku\/","headline":"Dietetyczna ryba po grecku","url":"https:\/\/www.dietetyk.katowice.pl\/dietetyczna-ryba-po-grecku\/","datePublished":"2021-02-16","dateModified":"2021-02-16","mainEntityOfPage":"https:\/\/www.dietetyk.katowice.pl\/dietetyczna-ryba-po-grecku\/","author":{"@type":"Person","@id":"https:\/\/www.dietetyk.katowice.pl\/author\/fizjodiet-medical-spa\/#Person","name":"FIZJODIET MEDICAL SPA","url":"https:\/\/www.dietetyk.katowice.pl\/author\/fizjodiet-medical-spa\/","image":{"@type":"ImageObject","@id":"https:\/\/secure.gravatar.com\/avatar\/8613260b4781952e90d43b623f90d184?s=96&d=mm&r=g","url":"https:\/\/secure.gravatar.com\/avatar\/8613260b4781952e90d43b623f90d184?s=96&d=mm&r=g","height":96,"width":96}},"publisher":null,"image":{"@type":"ImageObject","@id":"https:\/\/www.dietetyk.katowice.pl\/wp-content\/uploads\/2021\/02\/fish-meatballs-in-tomato-sauce-with-carrot-54EG79V-scaled.jpg","url":"https:\/\/www.dietetyk.katowice.pl\/wp-content\/uploads\/2021\/02\/fish-meatballs-in-tomato-sauce-with-carrot-54EG79V-scaled.jpg","height":1707,"width":2560},"keywords":["dietetyczne przepisy","kolacja","obiad","przepisy dietetyczne","ryba"]},{"@type":"BlogPosting","@id":"https:\/\/www.dietetyk.katowice.pl\/kolacja-bez-weglowodanow\/","headline":"Kolacja bez w\u0119glowodan\u00f3w","url":"https:\/\/www.dietetyk.katowice.pl\/kolacja-bez-weglowodanow\/","datePublished":"2020-06-16","dateModified":"2020-06-16","mainEntityOfPage":"https:\/\/www.dietetyk.katowice.pl\/kolacja-bez-weglowodanow\/","author":{"@type":"Person","@id":"https:\/\/www.dietetyk.katowice.pl\/author\/fizjodiet-medical-spa\/#Person","name":"FIZJODIET MEDICAL SPA","url":"https:\/\/www.dietetyk.katowice.pl\/author\/fizjodiet-medical-spa\/","image":{"@type":"ImageObject","@id":"https:\/\/secure.gravatar.com\/avatar\/8613260b4781952e90d43b623f90d184?s=96&d=mm&r=g","url":"https:\/\/secure.gravatar.com\/avatar\/8613260b4781952e90d43b623f90d184?s=96&d=mm&r=g","height":96,"width":96}},"publisher":null,"image":{"@type":"ImageObject","@id":"https:\/\/www.dietetyk.katowice.pl\/wp-content\/uploads\/2020\/06\/vegetable-salad-and-bread-P7UT8JA-scaled.jpg","url":"https:\/\/www.dietetyk.katowice.pl\/wp-content\/uploads\/2020\/06\/vegetable-salad-and-bread-P7UT8JA-scaled.jpg","height":1747,"width":2560},"keywords":["kolacja","porady dietetyczne","prawda czy mit","w\u0119glowodany"]},{"@type":"BlogPosting","@id":"https:\/\/www.dietetyk.katowice.pl\/nie-nalezy-jesc-po-1800\/","headline":"Nie nale\u017cy je\u015b\u0107 po 18:00: prawda czy mit?","url":"https:\/\/www.dietetyk.katowice.pl\/nie-nalezy-jesc-po-1800\/","datePublished":"2020-01-09","dateModified":"2020-04-05","mainEntityOfPage":"https:\/\/www.dietetyk.katowice.pl\/nie-nalezy-jesc-po-1800\/","author":{"@type":"Person","@id":"https:\/\/www.dietetyk.katowice.pl\/author\/fizjodiet-medical-spa\/#Person","name":"FIZJODIET MEDICAL SPA","url":"https:\/\/www.dietetyk.katowice.pl\/author\/fizjodiet-medical-spa\/","image":{"@type":"ImageObject","@id":"https:\/\/secure.gravatar.com\/avatar\/8613260b4781952e90d43b623f90d184?s=96&d=mm&r=g","url":"https:\/\/secure.gravatar.com\/avatar\/8613260b4781952e90d43b623f90d184?s=96&d=mm&r=g","height":96,"width":96}},"publisher":null,"image":{"@type":"ImageObject","@id":"https:\/\/www.dietetyk.katowice.pl\/wp-content\/uploads\/2020\/01\/clock-made-of-fruits-and-vegetables-showing-time-6DBTR8M.jpg","url":"https:\/\/www.dietetyk.katowice.pl\/wp-content\/uploads\/2020\/01\/clock-made-of-fruits-and-vegetables-showing-time-6DBTR8M.jpg","height":377,"width":565},"keywords":["kolacja","porady dietetyczne","prawda czy mit"]},{"@type":"BlogPosting","@id":"https:\/\/www.dietetyk.katowice.pl\/dietetyczna-salatka-z-jajkiem-i-warzywami\/","headline":"Dietetyczna sa\u0142atka z jajkiem i warzywami","url":"https:\/\/www.dietetyk.katowice.pl\/dietetyczna-salatka-z-jajkiem-i-warzywami\/","datePublished":"2019-06-26","dateModified":"2019-06-26","mainEntityOfPage":"https:\/\/www.dietetyk.katowice.pl\/dietetyczna-salatka-z-jajkiem-i-warzywami\/","author":{"@type":"Person","@id":"https:\/\/www.dietetyk.katowice.pl\/author\/fizjodiet-medical-spa\/#Person","name":"FIZJODIET MEDICAL SPA","url":"https:\/\/www.dietetyk.katowice.pl\/author\/fizjodiet-medical-spa\/","image":{"@type":"ImageObject","@id":"https:\/\/secure.gravatar.com\/avatar\/8613260b4781952e90d43b623f90d184?s=96&d=mm&r=g","url":"https:\/\/secure.gravatar.com\/avatar\/8613260b4781952e90d43b623f90d184?s=96&d=mm&r=g","height":96,"width":96}},"publisher":null,"image":{"@type":"ImageObject","@id":"https:\/\/www.dietetyk.katowice.pl\/wp-content\/uploads\/2019\/05\/james-harris-205441-unsplash-scaled.jpg","url":"https:\/\/www.dietetyk.katowice.pl\/wp-content\/uploads\/2019\/05\/james-harris-205441-unsplash-scaled.jpg","height":1707,"width":2560},"keywords":["dietetyczne przepisy","jajka","kolacja","obiad","sa\u0142atka"]},{"@type":"BlogPosting","@id":"https:\/\/www.dietetyk.katowice.pl\/salatka-brokulowa-z-feta-kukurydza-i-makaronem\/","headline":"Sa\u0142atka broku\u0142owa z fet\u0105, kukurydz\u0105 i makaronem","url":"https:\/\/www.dietetyk.katowice.pl\/salatka-brokulowa-z-feta-kukurydza-i-makaronem\/","datePublished":"2019-04-25","dateModified":"2019-04-25","mainEntityOfPage":"https:\/\/www.dietetyk.katowice.pl\/salatka-brokulowa-z-feta-kukurydza-i-makaronem\/","author":{"@type":"Person","@id":"https:\/\/www.dietetyk.katowice.pl\/author\/fizjodiet-medical-spa\/#Person","name":"FIZJODIET MEDICAL SPA","url":"https:\/\/www.dietetyk.katowice.pl\/author\/fizjodiet-medical-spa\/","image":{"@type":"ImageObject","@id":"https:\/\/secure.gravatar.com\/avatar\/8613260b4781952e90d43b623f90d184?s=96&d=mm&r=g","url":"https:\/\/secure.gravatar.com\/avatar\/8613260b4781952e90d43b623f90d184?s=96&d=mm&r=g","height":96,"width":96}},"publisher":null,"image":{"@type":"ImageObject","@id":"https:\/\/www.dietetyk.katowice.pl\/wp-content\/uploads\/2019\/04\/64497794_s1.jpg","url":"https:\/\/www.dietetyk.katowice.pl\/wp-content\/uploads\/2019\/04\/64497794_s1.jpg","height":565,"width":847},"keywords":["broku\u0142y","dietetyczne przepisy","feta","kolacja","makaron","obiad","przepisy dietetyczny","sa\u0142atka"]},{"@type":"BlogPosting","@id":"https:\/\/www.dietetyk.katowice.pl\/salatka-z-makaronem-rukola-i-mozzarella\/","headline":"Sa\u0142atka z makaronem, rukol\u0105 i mozzarell\u0105","url":"https:\/\/www.dietetyk.katowice.pl\/salatka-z-makaronem-rukola-i-mozzarella\/","datePublished":"2019-04-11","dateModified":"2019-04-11","mainEntityOfPage":"https:\/\/www.dietetyk.katowice.pl\/salatka-z-makaronem-rukola-i-mozzarella\/","author":{"@type":"Person","@id":"https:\/\/www.dietetyk.katowice.pl\/author\/fizjodiet-medical-spa\/#Person","name":"FIZJODIET MEDICAL SPA","url":"https:\/\/www.dietetyk.katowice.pl\/author\/fizjodiet-medical-spa\/","image":{"@type":"ImageObject","@id":"https:\/\/secure.gravatar.com\/avatar\/8613260b4781952e90d43b623f90d184?s=96&d=mm&r=g","url":"https:\/\/secure.gravatar.com\/avatar\/8613260b4781952e90d43b623f90d184?s=96&d=mm&r=g","height":96,"width":96}},"publisher":null,"image":{"@type":"ImageObject","@id":"https:\/\/www.dietetyk.katowice.pl\/wp-content\/uploads\/2019\/04\/13642467_s.jpg","url":"https:\/\/www.dietetyk.katowice.pl\/wp-content\/uploads\/2019\/04\/13642467_s.jpg","height":564,"width":849},"keywords":["dietetyczne przepisy","kolacja","makaron","mozzarella","obiad","przepisy dietetyczne","sa\u0142atka"]},{"@type":"BlogPosting","@id":"https:\/\/www.dietetyk.katowice.pl\/risotto-z-zielonym-groszkiem\/","headline":"Risotto z zielonym groszkiem","url":"https:\/\/www.dietetyk.katowice.pl\/risotto-z-zielonym-groszkiem\/","datePublished":"2018-10-08","dateModified":"2018-10-12","mainEntityOfPage":"https:\/\/www.dietetyk.katowice.pl\/risotto-z-zielonym-groszkiem\/","author":{"@type":"Person","@id":"https:\/\/www.dietetyk.katowice.pl\/author\/fizjodiet-medical-spa\/#Person","name":"FIZJODIET MEDICAL SPA","url":"https:\/\/www.dietetyk.katowice.pl\/author\/fizjodiet-medical-spa\/","image":{"@type":"ImageObject","@id":"https:\/\/secure.gravatar.com\/avatar\/8613260b4781952e90d43b623f90d184?s=96&d=mm&r=g","url":"https:\/\/secure.gravatar.com\/avatar\/8613260b4781952e90d43b623f90d184?s=96&d=mm&r=g","height":96,"width":96}},"publisher":null,"image":{"@type":"ImageObject","@id":"https:\/\/www.dietetyk.katowice.pl\/wp-content\/uploads\/2018\/10\/neonbrand-231219-unsplash-scaled.jpg","url":"https:\/\/www.dietetyk.katowice.pl\/wp-content\/uploads\/2018\/10\/neonbrand-231219-unsplash-scaled.jpg","height":2091,"width":2560},"keywords":["kolacja","obiad","przepisy dietetyczne","risotto"]},{"@type":"BlogPosting","@id":"https:\/\/www.dietetyk.katowice.pl\/paella-z-kurczakiem\/","headline":"Paella z kurczakiem","url":"https:\/\/www.dietetyk.katowice.pl\/paella-z-kurczakiem\/","datePublished":"2018-10-04","dateModified":"2018-10-04","mainEntityOfPage":"https:\/\/www.dietetyk.katowice.pl\/paella-z-kurczakiem\/","author":{"@type":"Person","@id":"https:\/\/www.dietetyk.katowice.pl\/author\/fizjodiet-medical-spa\/#Person","name":"FIZJODIET MEDICAL SPA","url":"https:\/\/www.dietetyk.katowice.pl\/author\/fizjodiet-medical-spa\/","image":{"@type":"ImageObject","@id":"https:\/\/secure.gravatar.com\/avatar\/8613260b4781952e90d43b623f90d184?s=96&d=mm&r=g","url":"https:\/\/secure.gravatar.com\/avatar\/8613260b4781952e90d43b623f90d184?s=96&d=mm&r=g","height":96,"width":96}},"publisher":null,"image":{"@type":"ImageObject","@id":"https:\/\/www.dietetyk.katowice.pl\/wp-content\/uploads\/2018\/10\/neonbrand-231219-unsplash-scaled.jpg","url":"https:\/\/www.dietetyk.katowice.pl\/wp-content\/uploads\/2018\/10\/neonbrand-231219-unsplash-scaled.jpg","height":2091,"width":2560},"keywords":["kolacja","kurczak","obiad","przepisy dietetyczne"]}]}