






{"@context":"https:\/\/schema.org\/","@type":"CollectionPage","@id":"https:\/\/www.dietetyk.katowice.pl\/tag\/dietetyk-katowice-3\/#CollectionPage","headline":"dietetyk Katowice Tag","description":"","url":"https:\/\/www.dietetyk.katowice.pl\/tag\/dietetyk-katowice-3\/","hasPart":[{"@type":"BlogPosting","@id":"https:\/\/www.dietetyk.katowice.pl\/witamina-b12\/","headline":"Witamina B12 \u2013 jej rola, \u017ar\u00f3d\u0142a, zagro\u017cenia wynikaj\u0105ce z niedoboru","url":"https:\/\/www.dietetyk.katowice.pl\/witamina-b12\/","datePublished":"2018-07-09","dateModified":"2018-08-23","mainEntityOfPage":"https:\/\/www.dietetyk.katowice.pl\/witamina-b12\/","author":{"@type":"Person","@id":"https:\/\/www.dietetyk.katowice.pl\/author\/fizjodiet-medical-spa\/#Person","name":"FIZJODIET MEDICAL SPA","url":"https:\/\/www.dietetyk.katowice.pl\/author\/fizjodiet-medical-spa\/","image":{"@type":"ImageObject","@id":"https:\/\/secure.gravatar.com\/avatar\/8613260b4781952e90d43b623f90d184?s=96&d=mm&r=g","url":"https:\/\/secure.gravatar.com\/avatar\/8613260b4781952e90d43b623f90d184?s=96&d=mm&r=g","height":96,"width":96}},"publisher":null,"image":{"@type":"ImageObject","@id":"https:\/\/www.dietetyk.katowice.pl\/wp-content\/uploads\/2017\/10\/madry-wegetarianizm.jpeg","url":"https:\/\/www.dietetyk.katowice.pl\/wp-content\/uploads\/2017\/10\/madry-wegetarianizm.jpeg","height":427,"width":640},"keywords":["dietetyk Katowice","kobalamina","porady dietetyczne","witamina b12"]},{"@type":"BlogPosting","@id":"https:\/\/www.dietetyk.katowice.pl\/witamina-b9-kwas-foliowy-jej-rola-zrodla-zagrozenia-wynikajace-z-niedoboru\/","headline":"Witamina B9 \u2013 Kwas foliowy &#8211; jej rola, \u017ar\u00f3d\u0142a, zagro\u017cenia wynikaj\u0105ce z niedoboru","url":"https:\/\/www.dietetyk.katowice.pl\/witamina-b9-kwas-foliowy-jej-rola-zrodla-zagrozenia-wynikajace-z-niedoboru\/","datePublished":"2018-07-02","dateModified":"2020-04-10","mainEntityOfPage":"https:\/\/www.dietetyk.katowice.pl\/witamina-b9-kwas-foliowy-jej-rola-zrodla-zagrozenia-wynikajace-z-niedoboru\/","author":{"@type":"Person","@id":"https:\/\/www.dietetyk.katowice.pl\/author\/fizjodiet-medical-spa\/#Person","name":"FIZJODIET MEDICAL SPA","url":"https:\/\/www.dietetyk.katowice.pl\/author\/fizjodiet-medical-spa\/","image":{"@type":"ImageObject","@id":"https:\/\/secure.gravatar.com\/avatar\/8613260b4781952e90d43b623f90d184?s=96&d=mm&r=g","url":"https:\/\/secure.gravatar.com\/avatar\/8613260b4781952e90d43b623f90d184?s=96&d=mm&r=g","height":96,"width":96}},"publisher":null,"image":{"@type":"ImageObject","@id":"https:\/\/www.dietetyk.katowice.pl\/wp-content\/uploads\/2018\/07\/alfonso-cenname-53395-unsplash-scaled.jpg","url":"https:\/\/www.dietetyk.katowice.pl\/wp-content\/uploads\/2018\/07\/alfonso-cenname-53395-unsplash-scaled.jpg","height":1707,"width":2560},"keywords":["dietetyk Katowice","kwas foliowy","porady dietetyczne","witamina b9"]},{"@type":"BlogPosting","@id":"https:\/\/www.dietetyk.katowice.pl\/witamina-b8-inozytol-jej-rola-zrodla-zagrozenia-wynikajace-z-niedoboru\/","headline":"Witamina B8 \u2013 Inozytol &#8211; jej rola, \u017ar\u00f3d\u0142a, zagro\u017cenia wynikaj\u0105ce z niedoboru","url":"https:\/\/www.dietetyk.katowice.pl\/witamina-b8-inozytol-jej-rola-zrodla-zagrozenia-wynikajace-z-niedoboru\/","datePublished":"2018-06-25","dateModified":"2018-08-23","mainEntityOfPage":"https:\/\/www.dietetyk.katowice.pl\/witamina-b8-inozytol-jej-rola-zrodla-zagrozenia-wynikajace-z-niedoboru\/","author":{"@type":"Person","@id":"https:\/\/www.dietetyk.katowice.pl\/author\/fizjodiet-medical-spa\/#Person","name":"FIZJODIET MEDICAL SPA","url":"https:\/\/www.dietetyk.katowice.pl\/author\/fizjodiet-medical-spa\/","image":{"@type":"ImageObject","@id":"https:\/\/secure.gravatar.com\/avatar\/8613260b4781952e90d43b623f90d184?s=96&d=mm&r=g","url":"https:\/\/secure.gravatar.com\/avatar\/8613260b4781952e90d43b623f90d184?s=96&d=mm&r=g","height":96,"width":96}},"publisher":null,"image":{"@type":"ImageObject","@id":"https:\/\/www.dietetyk.katowice.pl\/wp-content\/uploads\/2018\/06\/kate-92831-unsplash-scaled.jpg","url":"https:\/\/www.dietetyk.katowice.pl\/wp-content\/uploads\/2018\/06\/kate-92831-unsplash-scaled.jpg","height":1703,"width":2560},"keywords":["dietetyk Katowice","inoztyol","insulinooporno\u015b\u0107","pco","porady dietetyczne","witamina b8"]},{"@type":"BlogPosting","@id":"https:\/\/www.dietetyk.katowice.pl\/witamina-b7-jej-rola-zrodla-zagrozenia-wynikajace-z-niedoboru\/","headline":"Witamina B7 &#8211; Biotyna \u2013 jej rola, \u017ar\u00f3d\u0142a, zagro\u017cenia wynikaj\u0105ce z niedoboru","url":"https:\/\/www.dietetyk.katowice.pl\/witamina-b7-jej-rola-zrodla-zagrozenia-wynikajace-z-niedoboru\/","datePublished":"2018-06-18","dateModified":"2018-08-23","mainEntityOfPage":"https:\/\/www.dietetyk.katowice.pl\/witamina-b7-jej-rola-zrodla-zagrozenia-wynikajace-z-niedoboru\/","author":{"@type":"Person","@id":"https:\/\/www.dietetyk.katowice.pl\/author\/fizjodiet-medical-spa\/#Person","name":"FIZJODIET MEDICAL SPA","url":"https:\/\/www.dietetyk.katowice.pl\/author\/fizjodiet-medical-spa\/","image":{"@type":"ImageObject","@id":"https:\/\/secure.gravatar.com\/avatar\/8613260b4781952e90d43b623f90d184?s=96&d=mm&r=g","url":"https:\/\/secure.gravatar.com\/avatar\/8613260b4781952e90d43b623f90d184?s=96&d=mm&r=g","height":96,"width":96}},"publisher":null,"image":{"@type":"ImageObject","@id":"https:\/\/www.dietetyk.katowice.pl\/wp-content\/uploads\/2018\/06\/dough-3082589_1920.jpg","url":"https:\/\/www.dietetyk.katowice.pl\/wp-content\/uploads\/2018\/06\/dough-3082589_1920.jpg","height":1280,"width":1920},"keywords":["dietetyk Katowice","porady dietetyczne","witamina b7"]},{"@type":"BlogPosting","@id":"https:\/\/www.dietetyk.katowice.pl\/dietetyczne-leczo-z-kurczakiem\/","headline":"Dietetyczne leczo z kurczakiem","url":"https:\/\/www.dietetyk.katowice.pl\/dietetyczne-leczo-z-kurczakiem\/","datePublished":"2018-06-15","dateModified":"2018-08-23","mainEntityOfPage":"https:\/\/www.dietetyk.katowice.pl\/dietetyczne-leczo-z-kurczakiem\/","author":{"@type":"Person","@id":"https:\/\/www.dietetyk.katowice.pl\/author\/fizjodiet-medical-spa\/#Person","name":"FIZJODIET MEDICAL SPA","url":"https:\/\/www.dietetyk.katowice.pl\/author\/fizjodiet-medical-spa\/","image":{"@type":"ImageObject","@id":"https:\/\/secure.gravatar.com\/avatar\/8613260b4781952e90d43b623f90d184?s=96&d=mm&r=g","url":"https:\/\/secure.gravatar.com\/avatar\/8613260b4781952e90d43b623f90d184?s=96&d=mm&r=g","height":96,"width":96}},"publisher":null,"image":{"@type":"ImageObject","@id":"https:\/\/www.dietetyk.katowice.pl\/wp-content\/uploads\/2018\/06\/Dietetyczne-leczo-z-kurczakiem.jpg","url":"https:\/\/www.dietetyk.katowice.pl\/wp-content\/uploads\/2018\/06\/Dietetyczne-leczo-z-kurczakiem.jpg","height":559,"width":856},"keywords":["dietetyk Katowice","leczo","obiad","przepisy dietetyczne"]},{"@type":"BlogPosting","@id":"https:\/\/www.dietetyk.katowice.pl\/witamina-b6-jej-rola-zrodla-zagrozenia-wynikajace-z-niedoboru\/","headline":"Witamina B6 \u2013 jej rola, \u017ar\u00f3d\u0142a, zagro\u017cenia wynikaj\u0105ce z niedoboru","url":"https:\/\/www.dietetyk.katowice.pl\/witamina-b6-jej-rola-zrodla-zagrozenia-wynikajace-z-niedoboru\/","datePublished":"2018-06-11","dateModified":"2018-08-23","mainEntityOfPage":"https:\/\/www.dietetyk.katowice.pl\/witamina-b6-jej-rola-zrodla-zagrozenia-wynikajace-z-niedoboru\/","author":{"@type":"Person","@id":"https:\/\/www.dietetyk.katowice.pl\/author\/fizjodiet-medical-spa\/#Person","name":"FIZJODIET MEDICAL SPA","url":"https:\/\/www.dietetyk.katowice.pl\/author\/fizjodiet-medical-spa\/","image":{"@type":"ImageObject","@id":"https:\/\/secure.gravatar.com\/avatar\/8613260b4781952e90d43b623f90d184?s=96&d=mm&r=g","url":"https:\/\/secure.gravatar.com\/avatar\/8613260b4781952e90d43b623f90d184?s=96&d=mm&r=g","height":96,"width":96}},"publisher":null,"image":{"@type":"ImageObject","@id":"https:\/\/www.dietetyk.katowice.pl\/wp-content\/uploads\/2018\/06\/bread-food-sliced-162417-scaled.jpg","url":"https:\/\/www.dietetyk.katowice.pl\/wp-content\/uploads\/2018\/06\/bread-food-sliced-162417-scaled.jpg","height":1707,"width":2560},"keywords":["dietetyk Katowice","porady","witamina b6"]},{"@type":"BlogPosting","@id":"https:\/\/www.dietetyk.katowice.pl\/witamina-b5-jej-rola-zrodla-zagrozenia-wynikajace-z-niedoboru\/","headline":"Witamina B5 \u2013 jej rola, \u017ar\u00f3d\u0142a, zagro\u017cenia wynikaj\u0105ce z niedoboru","url":"https:\/\/www.dietetyk.katowice.pl\/witamina-b5-jej-rola-zrodla-zagrozenia-wynikajace-z-niedoboru\/","datePublished":"2018-06-04","dateModified":"2018-08-23","mainEntityOfPage":"https:\/\/www.dietetyk.katowice.pl\/witamina-b5-jej-rola-zrodla-zagrozenia-wynikajace-z-niedoboru\/","author":{"@type":"Person","@id":"https:\/\/www.dietetyk.katowice.pl\/author\/fizjodiet-medical-spa\/#Person","name":"FIZJODIET MEDICAL SPA","url":"https:\/\/www.dietetyk.katowice.pl\/author\/fizjodiet-medical-spa\/","image":{"@type":"ImageObject","@id":"https:\/\/secure.gravatar.com\/avatar\/8613260b4781952e90d43b623f90d184?s=96&d=mm&r=g","url":"https:\/\/secure.gravatar.com\/avatar\/8613260b4781952e90d43b623f90d184?s=96&d=mm&r=g","height":96,"width":96}},"publisher":null,"image":{"@type":"ImageObject","@id":"https:\/\/www.dietetyk.katowice.pl\/wp-content\/uploads\/2018\/05\/51018535_s.jpg","url":"https:\/\/www.dietetyk.katowice.pl\/wp-content\/uploads\/2018\/05\/51018535_s.jpg","height":692,"width":692},"keywords":["dietetyk Katowice","porady","WITAMINA B5"]},{"@type":"BlogPosting","@id":"https:\/\/www.dietetyk.katowice.pl\/makaron-z-kurczakiem-rukola-i-pomidorkami-koktajlowymi\/","headline":"Makaron z kurczakiem, rukol\u0105 i pomidorkami koktajlowymi","url":"https:\/\/www.dietetyk.katowice.pl\/makaron-z-kurczakiem-rukola-i-pomidorkami-koktajlowymi\/","datePublished":"2018-05-28","dateModified":"2018-08-23","mainEntityOfPage":"https:\/\/www.dietetyk.katowice.pl\/makaron-z-kurczakiem-rukola-i-pomidorkami-koktajlowymi\/","author":{"@type":"Person","@id":"https:\/\/www.dietetyk.katowice.pl\/author\/fizjodiet-medical-spa\/#Person","name":"FIZJODIET MEDICAL SPA","url":"https:\/\/www.dietetyk.katowice.pl\/author\/fizjodiet-medical-spa\/","image":{"@type":"ImageObject","@id":"https:\/\/secure.gravatar.com\/avatar\/8613260b4781952e90d43b623f90d184?s=96&d=mm&r=g","url":"https:\/\/secure.gravatar.com\/avatar\/8613260b4781952e90d43b623f90d184?s=96&d=mm&r=g","height":96,"width":96}},"publisher":null,"image":{"@type":"ImageObject","@id":"https:\/\/www.dietetyk.katowice.pl\/wp-content\/uploads\/2018\/05\/68892295_s.jpg","url":"https:\/\/www.dietetyk.katowice.pl\/wp-content\/uploads\/2018\/05\/68892295_s.jpg","height":565,"width":848},"keywords":["dietetyk Katowice","makaron","obiad","przepisy dietetyczne"]},{"@type":"BlogPosting","@id":"https:\/\/www.dietetyk.katowice.pl\/witamina-b4-jej-rola-zrodla-zagrozenia-wynikajace-z-niedoboru\/","headline":"Witamina B4 \u2013 jej rola, \u017ar\u00f3d\u0142a, zagro\u017cenia wynikaj\u0105ce z niedoboru","url":"https:\/\/www.dietetyk.katowice.pl\/witamina-b4-jej-rola-zrodla-zagrozenia-wynikajace-z-niedoboru\/","datePublished":"2018-05-25","dateModified":"2018-08-23","mainEntityOfPage":"https:\/\/www.dietetyk.katowice.pl\/witamina-b4-jej-rola-zrodla-zagrozenia-wynikajace-z-niedoboru\/","author":{"@type":"Person","@id":"https:\/\/www.dietetyk.katowice.pl\/author\/fizjodiet-medical-spa\/#Person","name":"FIZJODIET MEDICAL SPA","url":"https:\/\/www.dietetyk.katowice.pl\/author\/fizjodiet-medical-spa\/","image":{"@type":"ImageObject","@id":"https:\/\/secure.gravatar.com\/avatar\/8613260b4781952e90d43b623f90d184?s=96&d=mm&r=g","url":"https:\/\/secure.gravatar.com\/avatar\/8613260b4781952e90d43b623f90d184?s=96&d=mm&r=g","height":96,"width":96}},"publisher":null,"image":{"@type":"ImageObject","@id":"https:\/\/www.dietetyk.katowice.pl\/wp-content\/uploads\/2018\/05\/95743297_s.jpg","url":"https:\/\/www.dietetyk.katowice.pl\/wp-content\/uploads\/2018\/05\/95743297_s.jpg","height":691,"width":693},"keywords":["dietetyk Katowice","porady","witamina b4"]},{"@type":"BlogPosting","@id":"https:\/\/www.dietetyk.katowice.pl\/kaszotto-z-kaszy-gryczanej-ze-szpinakiem-i-kurczakiem\/","headline":"Kaszotto z kaszy gryczanej","url":"https:\/\/www.dietetyk.katowice.pl\/kaszotto-z-kaszy-gryczanej-ze-szpinakiem-i-kurczakiem\/","datePublished":"2018-05-18","dateModified":"2018-08-23","mainEntityOfPage":"https:\/\/www.dietetyk.katowice.pl\/kaszotto-z-kaszy-gryczanej-ze-szpinakiem-i-kurczakiem\/","author":{"@type":"Person","@id":"https:\/\/www.dietetyk.katowice.pl\/author\/fizjodiet-medical-spa\/#Person","name":"FIZJODIET MEDICAL SPA","url":"https:\/\/www.dietetyk.katowice.pl\/author\/fizjodiet-medical-spa\/","image":{"@type":"ImageObject","@id":"https:\/\/secure.gravatar.com\/avatar\/8613260b4781952e90d43b623f90d184?s=96&d=mm&r=g","url":"https:\/\/secure.gravatar.com\/avatar\/8613260b4781952e90d43b623f90d184?s=96&d=mm&r=g","height":96,"width":96}},"publisher":null,"image":{"@type":"ImageObject","@id":"https:\/\/www.dietetyk.katowice.pl\/wp-content\/uploads\/2018\/05\/100674190_m.jpg","url":"https:\/\/www.dietetyk.katowice.pl\/wp-content\/uploads\/2018\/05\/100674190_m.jpg","height":1672,"width":2508},"keywords":["dieta","dietetyk Katowice","kasza","kurczak","obiad","przepisy dietetyczne"]}]}