






{"@context":"https:\/\/schema.org\/","@type":"CollectionPage","@id":"https:\/\/www.dietetyk.katowice.pl\/tag\/dietetyk-chorzow\/#CollectionPage","headline":"dietetyk chorz\u00f3w Tag","description":"","url":"https:\/\/www.dietetyk.katowice.pl\/tag\/dietetyk-chorzow\/","hasPart":[{"@type":"BlogPosting","@id":"https:\/\/www.dietetyk.katowice.pl\/dietetyk-radzi-dieta-oxy\/","headline":"Dietetyk radzi: Dieta Oxy","url":"https:\/\/www.dietetyk.katowice.pl\/dietetyk-radzi-dieta-oxy\/","datePublished":"2018-01-10","dateModified":"2020-04-10","mainEntityOfPage":"https:\/\/www.dietetyk.katowice.pl\/dietetyk-radzi-dieta-oxy\/","author":{"@type":"Person","@id":"https:\/\/www.dietetyk.katowice.pl\/author\/fizjodiet-medical-spa\/#Person","name":"FIZJODIET MEDICAL SPA","url":"https:\/\/www.dietetyk.katowice.pl\/author\/fizjodiet-medical-spa\/","image":{"@type":"ImageObject","@id":"https:\/\/secure.gravatar.com\/avatar\/8613260b4781952e90d43b623f90d184?s=96&d=mm&r=g","url":"https:\/\/secure.gravatar.com\/avatar\/8613260b4781952e90d43b623f90d184?s=96&d=mm&r=g","height":96,"width":96}},"publisher":null,"image":{"@type":"ImageObject","@id":"https:\/\/www.dietetyk.katowice.pl\/wp-content\/uploads\/2018\/01\/40008960_s.jpg","url":"https:\/\/www.dietetyk.katowice.pl\/wp-content\/uploads\/2018\/01\/40008960_s.jpg","height":292,"width":450},"keywords":["dieta oxy","dietetyk chorz\u00f3w","dietetyk Katowice","dietetyk sosnowiec","diety odchudzaj\u0105ce","odchudzanie","odchudzanie katowice"]},{"@type":"BlogPosting","@id":"https:\/\/www.dietetyk.katowice.pl\/ryz-z-ciecierzyca-i-warzywami\/","headline":"Ry\u017c z ciecierzyc\u0105 i warzywami","url":"https:\/\/www.dietetyk.katowice.pl\/ryz-z-ciecierzyca-i-warzywami\/","datePublished":"2018-01-04","dateModified":"2020-04-10","mainEntityOfPage":"https:\/\/www.dietetyk.katowice.pl\/ryz-z-ciecierzyca-i-warzywami\/","author":{"@type":"Person","@id":"https:\/\/www.dietetyk.katowice.pl\/author\/fizjodiet-medical-spa\/#Person","name":"FIZJODIET MEDICAL SPA","url":"https:\/\/www.dietetyk.katowice.pl\/author\/fizjodiet-medical-spa\/","image":{"@type":"ImageObject","@id":"https:\/\/secure.gravatar.com\/avatar\/8613260b4781952e90d43b623f90d184?s=96&d=mm&r=g","url":"https:\/\/secure.gravatar.com\/avatar\/8613260b4781952e90d43b623f90d184?s=96&d=mm&r=g","height":96,"width":96}},"publisher":null,"image":{"@type":"ImageObject","@id":"https:\/\/www.dietetyk.katowice.pl\/wp-content\/uploads\/2018\/01\/64968893_s.jpg","url":"https:\/\/www.dietetyk.katowice.pl\/wp-content\/uploads\/2018\/01\/64968893_s.jpg","height":300,"width":450},"keywords":["dietetyk chorz\u00f3w","dietetyk Katowice","dietetyk sosnowiec","dietetyk tychy","obiad","odchudzanie","przepis dla dzieci","Przepis odchudzaj\u0105cy","przepisy dietetyczne"]},{"@type":"BlogPosting","@id":"https:\/\/www.dietetyk.katowice.pl\/koktajl-bananowo-orzechowy\/","headline":"Koktajl bananowo-orzechowy","url":"https:\/\/www.dietetyk.katowice.pl\/koktajl-bananowo-orzechowy\/","datePublished":"2017-12-01","dateModified":"2017-12-01","mainEntityOfPage":"https:\/\/www.dietetyk.katowice.pl\/koktajl-bananowo-orzechowy\/","author":{"@type":"Person","@id":"https:\/\/www.dietetyk.katowice.pl\/author\/dietetyk-katowice\/#Person","name":"Dietetyk Katowice","url":"https:\/\/www.dietetyk.katowice.pl\/author\/dietetyk-katowice\/","image":{"@type":"ImageObject","@id":"https:\/\/secure.gravatar.com\/avatar\/?s=96&d=mm&r=g","url":"https:\/\/secure.gravatar.com\/avatar\/?s=96&d=mm&r=g","height":96,"width":96}},"publisher":null,"image":{"@type":"ImageObject","@id":"https:\/\/www.dietetyk.katowice.pl\/wp-content\/uploads\/2017\/12\/7556-pyszny-i-dietetyczny-koktajl-banano.jpg","url":"https:\/\/www.dietetyk.katowice.pl\/wp-content\/uploads\/2017\/12\/7556-pyszny-i-dietetyczny-koktajl-banano.jpg","height":613,"width":415},"keywords":["dieta katowice","dietetyk chorz\u00f3w","dietetyk sosnowiec","dietetyk tychy","koktajl","przepis dla sportowc\u00f3w","przepisy dietetyczne"]},{"@type":"BlogPosting","@id":"https:\/\/www.dietetyk.katowice.pl\/szybka-salatka-z-kurczakiem-pomidorami-i-brokulami\/","headline":"Szybka sa\u0142atka z kurczakiem, pomidorami i broku\u0142ami w aromatycznym sosie","url":"https:\/\/www.dietetyk.katowice.pl\/szybka-salatka-z-kurczakiem-pomidorami-i-brokulami\/","datePublished":"2017-11-20","dateModified":"2017-11-20","mainEntityOfPage":"https:\/\/www.dietetyk.katowice.pl\/szybka-salatka-z-kurczakiem-pomidorami-i-brokulami\/","author":{"@type":"Person","@id":"https:\/\/www.dietetyk.katowice.pl\/author\/dietetyk-katowice\/#Person","name":"Dietetyk Katowice","url":"https:\/\/www.dietetyk.katowice.pl\/author\/dietetyk-katowice\/","image":{"@type":"ImageObject","@id":"https:\/\/secure.gravatar.com\/avatar\/?s=96&d=mm&r=g","url":"https:\/\/secure.gravatar.com\/avatar\/?s=96&d=mm&r=g","height":96,"width":96}},"publisher":null,"image":{"@type":"ImageObject","@id":"https:\/\/www.dietetyk.katowice.pl\/wp-content\/uploads\/2017\/11\/4063389.jpg","url":"https:\/\/www.dietetyk.katowice.pl\/wp-content\/uploads\/2017\/11\/4063389.jpg","height":960,"width":960},"keywords":["dieta","dieta katowice","dietetyk chorz\u00f3w","dietetyk Katowice","dietetyk sosnowiec","dietetyk tychy","obiad","odchudzanie","przepis dla dzieci","Przepis odchudzaj\u0105cy","przepisy dietetyczne"]},{"@type":"BlogPosting","@id":"https:\/\/www.dietetyk.katowice.pl\/najbardziej-kaloryczne-dania-slaskie\/","headline":"Najbardziej kaloryczne dania \u015al\u0105skie","url":"https:\/\/www.dietetyk.katowice.pl\/najbardziej-kaloryczne-dania-slaskie\/","datePublished":"2017-10-24","dateModified":"2017-10-24","mainEntityOfPage":"https:\/\/www.dietetyk.katowice.pl\/najbardziej-kaloryczne-dania-slaskie\/","author":{"@type":"Person","@id":"https:\/\/www.dietetyk.katowice.pl\/author\/dietetyk-katowice\/#Person","name":"Dietetyk Katowice","url":"https:\/\/www.dietetyk.katowice.pl\/author\/dietetyk-katowice\/","image":{"@type":"ImageObject","@id":"https:\/\/secure.gravatar.com\/avatar\/?s=96&d=mm&r=g","url":"https:\/\/secure.gravatar.com\/avatar\/?s=96&d=mm&r=g","height":96,"width":96}},"publisher":null,"image":{"@type":"ImageObject","@id":"https:\/\/www.dietetyk.katowice.pl\/wp-content\/uploads\/2017\/10\/35090053_s.jpg","url":"https:\/\/www.dietetyk.katowice.pl\/wp-content\/uploads\/2017\/10\/35090053_s.jpg","height":300,"width":450},"keywords":["dieta katowice","dietetyk bytom","dietetyk chorz\u00f3w","dietetyk d\u0105browa g\u00f3rnicza","dietetyk Katowice","najbardziej kaloryczne dania \u015bl\u0105skie"]},{"@type":"BlogPosting","@id":"https:\/\/www.dietetyk.katowice.pl\/przepisy-dietetyczne-jogurtowy-serniczek-cytrynowy\/","headline":"Przepisy dietetyczne: Jogurtowy serniczek cytrynowy","url":"https:\/\/www.dietetyk.katowice.pl\/przepisy-dietetyczne-jogurtowy-serniczek-cytrynowy\/","datePublished":"2017-10-23","dateModified":"2017-10-23","mainEntityOfPage":"https:\/\/www.dietetyk.katowice.pl\/przepisy-dietetyczne-jogurtowy-serniczek-cytrynowy\/","author":{"@type":"Person","@id":"https:\/\/www.dietetyk.katowice.pl\/author\/dietetyk-katowice\/#Person","name":"Dietetyk Katowice","url":"https:\/\/www.dietetyk.katowice.pl\/author\/dietetyk-katowice\/","image":{"@type":"ImageObject","@id":"https:\/\/secure.gravatar.com\/avatar\/?s=96&d=mm&r=g","url":"https:\/\/secure.gravatar.com\/avatar\/?s=96&d=mm&r=g","height":96,"width":96}},"publisher":null,"image":{"@type":"ImageObject","@id":"https:\/\/www.dietetyk.katowice.pl\/wp-content\/uploads\/2017\/10\/4027929.jpg","url":"https:\/\/www.dietetyk.katowice.pl\/wp-content\/uploads\/2017\/10\/4027929.jpg","height":960,"width":960},"keywords":["dieta katowice","dietetyk bytom","dietetyk chorz\u00f3w","dietetyk sosnowiec","dietetyk tychy","diety odchudzaj\u0105ce","przepis dla dzieci","przepisy dietetyczne"]},{"@type":"BlogPosting","@id":"https:\/\/www.dietetyk.katowice.pl\/jak-optycznie-schudnac\/","headline":"Dietetyk radzi: Jak optycznie schudn\u0105\u0107","url":"https:\/\/www.dietetyk.katowice.pl\/jak-optycznie-schudnac\/","datePublished":"2017-10-20","dateModified":"2017-10-20","mainEntityOfPage":"https:\/\/www.dietetyk.katowice.pl\/jak-optycznie-schudnac\/","author":{"@type":"Person","@id":"https:\/\/www.dietetyk.katowice.pl\/author\/dietetyk-katowice\/#Person","name":"Dietetyk Katowice","url":"https:\/\/www.dietetyk.katowice.pl\/author\/dietetyk-katowice\/","image":{"@type":"ImageObject","@id":"https:\/\/secure.gravatar.com\/avatar\/?s=96&d=mm&r=g","url":"https:\/\/secure.gravatar.com\/avatar\/?s=96&d=mm&r=g","height":96,"width":96}},"publisher":null,"image":{"@type":"ImageObject","@id":"https:\/\/www.dietetyk.katowice.pl\/wp-content\/uploads\/2017\/10\/45885399_m.jpg","url":"https:\/\/www.dietetyk.katowice.pl\/wp-content\/uploads\/2017\/10\/45885399_m.jpg","height":565,"width":848},"keywords":["dieta katowice","dietetyk bytom","dietetyk chorz\u00f3w","dietetyk d\u0105browa g\u00f3rnicza","dietetyk Katowice","jak optycznie schudn\u0105\u0107"]},{"@type":"BlogPosting","@id":"https:\/\/www.dietetyk.katowice.pl\/dietetyk-radzi-dlaczego-jedni-sa-chudzi-a-inni-grubi\/","headline":"Dietetyk radzi: dlaczego jedni s\u0105 chudzi a inni grubi?","url":"https:\/\/www.dietetyk.katowice.pl\/dietetyk-radzi-dlaczego-jedni-sa-chudzi-a-inni-grubi\/","datePublished":"2017-10-18","dateModified":"2017-10-18","mainEntityOfPage":"https:\/\/www.dietetyk.katowice.pl\/dietetyk-radzi-dlaczego-jedni-sa-chudzi-a-inni-grubi\/","author":{"@type":"Person","@id":"https:\/\/www.dietetyk.katowice.pl\/author\/dietetyk-katowice\/#Person","name":"Dietetyk Katowice","url":"https:\/\/www.dietetyk.katowice.pl\/author\/dietetyk-katowice\/","image":{"@type":"ImageObject","@id":"https:\/\/secure.gravatar.com\/avatar\/?s=96&d=mm&r=g","url":"https:\/\/secure.gravatar.com\/avatar\/?s=96&d=mm&r=g","height":96,"width":96}},"publisher":null,"image":{"@type":"ImageObject","@id":"https:\/\/www.dietetyk.katowice.pl\/wp-content\/uploads\/2017\/10\/28699813_s.jpg","url":"https:\/\/www.dietetyk.katowice.pl\/wp-content\/uploads\/2017\/10\/28699813_s.jpg","height":300,"width":450},"keywords":["dieta katowice","dietetyk bytom","dietetyk chorz\u00f3w","dietetyk d\u0105browa g\u00f3rnicza","dietetyk Katowice","dlaczego jedni s\u0105 chudzi a inni grubi"]},{"@type":"BlogPosting","@id":"https:\/\/www.dietetyk.katowice.pl\/dietetyk-radzi-ranking-fast-foodow\/","headline":"Dietetyk radzi: Ranking fast food\u00f3w","url":"https:\/\/www.dietetyk.katowice.pl\/dietetyk-radzi-ranking-fast-foodow\/","datePublished":"2017-10-15","dateModified":"2017-10-15","mainEntityOfPage":"https:\/\/www.dietetyk.katowice.pl\/dietetyk-radzi-ranking-fast-foodow\/","author":{"@type":"Person","@id":"https:\/\/www.dietetyk.katowice.pl\/author\/dietetyk-katowice\/#Person","name":"Dietetyk Katowice","url":"https:\/\/www.dietetyk.katowice.pl\/author\/dietetyk-katowice\/","image":{"@type":"ImageObject","@id":"https:\/\/secure.gravatar.com\/avatar\/?s=96&d=mm&r=g","url":"https:\/\/secure.gravatar.com\/avatar\/?s=96&d=mm&r=g","height":96,"width":96}},"publisher":null,"image":{"@type":"ImageObject","@id":"https:\/\/www.dietetyk.katowice.pl\/wp-content\/uploads\/2017\/10\/25573137_s.jpg","url":"https:\/\/www.dietetyk.katowice.pl\/wp-content\/uploads\/2017\/10\/25573137_s.jpg","height":299,"width":450},"keywords":["dieta katowice","dietetyk bytom","dietetyk chorz\u00f3w","dietetyk d\u0105browa g\u00f3rnicza","dietetyk Katowice","ranking fast foodow"]},{"@type":"BlogPosting","@id":"https:\/\/www.dietetyk.katowice.pl\/dietetyk-radzi-madry-wegetarianizm\/","headline":"Dietetyk radzi: M\u0105dry wegetarianizm","url":"https:\/\/www.dietetyk.katowice.pl\/dietetyk-radzi-madry-wegetarianizm\/","datePublished":"2017-10-13","dateModified":"2017-10-13","mainEntityOfPage":"https:\/\/www.dietetyk.katowice.pl\/dietetyk-radzi-madry-wegetarianizm\/","author":{"@type":"Person","@id":"https:\/\/www.dietetyk.katowice.pl\/author\/dietetyk-katowice\/#Person","name":"Dietetyk Katowice","url":"https:\/\/www.dietetyk.katowice.pl\/author\/dietetyk-katowice\/","image":{"@type":"ImageObject","@id":"https:\/\/secure.gravatar.com\/avatar\/?s=96&d=mm&r=g","url":"https:\/\/secure.gravatar.com\/avatar\/?s=96&d=mm&r=g","height":96,"width":96}},"publisher":null,"image":{"@type":"ImageObject","@id":"https:\/\/www.dietetyk.katowice.pl\/wp-content\/uploads\/2017\/10\/42149709_s.jpg","url":"https:\/\/www.dietetyk.katowice.pl\/wp-content\/uploads\/2017\/10\/42149709_s.jpg","height":325,"width":450},"keywords":["dieta","dieta katowice","dietetyk bytom","dietetyk chorz\u00f3w","dietetyk d\u0105browa g\u00f3rnicza","dietetyk sosnowiec","m\u0105dry wegetarnianizm"]}]}