






{"@context":"https:\/\/schema.org\/","@type":"CollectionPage","@id":"https:\/\/www.dietetyk.katowice.pl\/tag\/dietetyczne-przepisy\/#CollectionPage","headline":"dietetyczne przepisy Tag","description":"","url":"https:\/\/www.dietetyk.katowice.pl\/tag\/dietetyczne-przepisy\/","hasPart":[{"@type":"BlogPosting","@id":"https:\/\/www.dietetyk.katowice.pl\/zupa-krem-z-soczewicy-z-chilli-i-wedzona-papryka\/","headline":"Zupa krem z soczewicy z chilli i w\u0119dzon\u0105 papryk\u0105","url":"https:\/\/www.dietetyk.katowice.pl\/zupa-krem-z-soczewicy-z-chilli-i-wedzona-papryka\/","datePublished":"2019-08-26","dateModified":"2019-08-26","mainEntityOfPage":"https:\/\/www.dietetyk.katowice.pl\/zupa-krem-z-soczewicy-z-chilli-i-wedzona-papryka\/","author":{"@type":"Person","@id":"https:\/\/www.dietetyk.katowice.pl\/author\/fizjodiet-medical-spa\/#Person","name":"FIZJODIET MEDICAL SPA","url":"https:\/\/www.dietetyk.katowice.pl\/author\/fizjodiet-medical-spa\/","image":{"@type":"ImageObject","@id":"https:\/\/secure.gravatar.com\/avatar\/8613260b4781952e90d43b623f90d184?s=96&d=mm&r=g","url":"https:\/\/secure.gravatar.com\/avatar\/8613260b4781952e90d43b623f90d184?s=96&d=mm&r=g","height":96,"width":96}},"publisher":null,"image":{"@type":"ImageObject","@id":"https:\/\/www.dietetyk.katowice.pl\/wp-content\/uploads\/2019\/08\/red-lentil-soup-with-spices-herbs-bread-in-a-P249PRB-scaled.jpg","url":"https:\/\/www.dietetyk.katowice.pl\/wp-content\/uploads\/2019\/08\/red-lentil-soup-with-spices-herbs-bread-in-a-P249PRB-scaled.jpg","height":1722,"width":2560},"keywords":["dietetyczne przepisy","krem","obiad","soczewica","zupa"]},{"@type":"BlogPosting","@id":"https:\/\/www.dietetyk.katowice.pl\/udka-pieczone-w-sosie-jogurtowym\/","headline":"Udka pieczone w sosie jogurtowym","url":"https:\/\/www.dietetyk.katowice.pl\/udka-pieczone-w-sosie-jogurtowym\/","datePublished":"2019-08-19","dateModified":"2019-08-19","mainEntityOfPage":"https:\/\/www.dietetyk.katowice.pl\/udka-pieczone-w-sosie-jogurtowym\/","author":{"@type":"Person","@id":"https:\/\/www.dietetyk.katowice.pl\/author\/fizjodiet-medical-spa\/#Person","name":"FIZJODIET MEDICAL SPA","url":"https:\/\/www.dietetyk.katowice.pl\/author\/fizjodiet-medical-spa\/","image":{"@type":"ImageObject","@id":"https:\/\/secure.gravatar.com\/avatar\/8613260b4781952e90d43b623f90d184?s=96&d=mm&r=g","url":"https:\/\/secure.gravatar.com\/avatar\/8613260b4781952e90d43b623f90d184?s=96&d=mm&r=g","height":96,"width":96}},"publisher":null,"image":{"@type":"ImageObject","@id":"https:\/\/www.dietetyk.katowice.pl\/wp-content\/uploads\/2019\/08\/coconut-garlic-lime-chicken-legs-P9XW223-scaled.jpg","url":"https:\/\/www.dietetyk.katowice.pl\/wp-content\/uploads\/2019\/08\/coconut-garlic-lime-chicken-legs-P9XW223-scaled.jpg","height":1696,"width":2560},"keywords":["dietetyczne przepisy","kurczak","obiad","przepisy dietetyczne","udka"]},{"@type":"BlogPosting","@id":"https:\/\/www.dietetyk.katowice.pl\/dietetyczna-salatka-z-jajkiem-i-warzywami\/","headline":"Dietetyczna sa\u0142atka z jajkiem i warzywami","url":"https:\/\/www.dietetyk.katowice.pl\/dietetyczna-salatka-z-jajkiem-i-warzywami\/","datePublished":"2019-06-26","dateModified":"2019-06-26","mainEntityOfPage":"https:\/\/www.dietetyk.katowice.pl\/dietetyczna-salatka-z-jajkiem-i-warzywami\/","author":{"@type":"Person","@id":"https:\/\/www.dietetyk.katowice.pl\/author\/fizjodiet-medical-spa\/#Person","name":"FIZJODIET MEDICAL SPA","url":"https:\/\/www.dietetyk.katowice.pl\/author\/fizjodiet-medical-spa\/","image":{"@type":"ImageObject","@id":"https:\/\/secure.gravatar.com\/avatar\/8613260b4781952e90d43b623f90d184?s=96&d=mm&r=g","url":"https:\/\/secure.gravatar.com\/avatar\/8613260b4781952e90d43b623f90d184?s=96&d=mm&r=g","height":96,"width":96}},"publisher":null,"image":{"@type":"ImageObject","@id":"https:\/\/www.dietetyk.katowice.pl\/wp-content\/uploads\/2019\/05\/james-harris-205441-unsplash-scaled.jpg","url":"https:\/\/www.dietetyk.katowice.pl\/wp-content\/uploads\/2019\/05\/james-harris-205441-unsplash-scaled.jpg","height":1707,"width":2560},"keywords":["dietetyczne przepisy","jajka","kolacja","obiad","sa\u0142atka"]},{"@type":"BlogPosting","@id":"https:\/\/www.dietetyk.katowice.pl\/bulki-pelnoziarniste\/","headline":"Bu\u0142ki pe\u0142noziarniste","url":"https:\/\/www.dietetyk.katowice.pl\/bulki-pelnoziarniste\/","datePublished":"2019-06-03","dateModified":"2019-06-03","mainEntityOfPage":"https:\/\/www.dietetyk.katowice.pl\/bulki-pelnoziarniste\/","author":{"@type":"Person","@id":"https:\/\/www.dietetyk.katowice.pl\/author\/fizjodiet-medical-spa\/#Person","name":"FIZJODIET MEDICAL SPA","url":"https:\/\/www.dietetyk.katowice.pl\/author\/fizjodiet-medical-spa\/","image":{"@type":"ImageObject","@id":"https:\/\/secure.gravatar.com\/avatar\/8613260b4781952e90d43b623f90d184?s=96&d=mm&r=g","url":"https:\/\/secure.gravatar.com\/avatar\/8613260b4781952e90d43b623f90d184?s=96&d=mm&r=g","height":96,"width":96}},"publisher":null,"image":{"@type":"ImageObject","@id":"https:\/\/www.dietetyk.katowice.pl\/wp-content\/uploads\/2019\/05\/eaters-collective-197218-unsplash-scaled.jpg","url":"https:\/\/www.dietetyk.katowice.pl\/wp-content\/uploads\/2019\/05\/eaters-collective-197218-unsplash-scaled.jpg","height":1708,"width":2560},"keywords":["bu\u0142ki","bu\u0142ki pe\u0142noziarniste","dietetyczne przepisy","przepisy dietetyczne","wypieki"]},{"@type":"BlogPosting","@id":"https:\/\/www.dietetyk.katowice.pl\/dietetyczne-leczo-z-soczewica\/","headline":"Dietetyczne leczo z soczewic\u0105","url":"https:\/\/www.dietetyk.katowice.pl\/dietetyczne-leczo-z-soczewica\/","datePublished":"2019-05-20","dateModified":"2019-05-20","mainEntityOfPage":"https:\/\/www.dietetyk.katowice.pl\/dietetyczne-leczo-z-soczewica\/","author":{"@type":"Person","@id":"https:\/\/www.dietetyk.katowice.pl\/author\/fizjodiet-medical-spa\/#Person","name":"FIZJODIET MEDICAL SPA","url":"https:\/\/www.dietetyk.katowice.pl\/author\/fizjodiet-medical-spa\/","image":{"@type":"ImageObject","@id":"https:\/\/secure.gravatar.com\/avatar\/8613260b4781952e90d43b623f90d184?s=96&d=mm&r=g","url":"https:\/\/secure.gravatar.com\/avatar\/8613260b4781952e90d43b623f90d184?s=96&d=mm&r=g","height":96,"width":96}},"publisher":null,"image":{"@type":"ImageObject","@id":"https:\/\/www.dietetyk.katowice.pl\/wp-content\/uploads\/2019\/05\/34263028_s.jpg","url":"https:\/\/www.dietetyk.katowice.pl\/wp-content\/uploads\/2019\/05\/34263028_s.jpg","height":565,"width":848},"keywords":["dietetyczne przepisy","leczo","m\u0105dry wegetarnianizm","przepisy dietetyczne","soczewica"]},{"@type":"BlogPosting","@id":"https:\/\/www.dietetyk.katowice.pl\/salatka-brokulowa-z-feta-kukurydza-i-makaronem\/","headline":"Sa\u0142atka broku\u0142owa z fet\u0105, kukurydz\u0105 i makaronem","url":"https:\/\/www.dietetyk.katowice.pl\/salatka-brokulowa-z-feta-kukurydza-i-makaronem\/","datePublished":"2019-04-25","dateModified":"2019-04-25","mainEntityOfPage":"https:\/\/www.dietetyk.katowice.pl\/salatka-brokulowa-z-feta-kukurydza-i-makaronem\/","author":{"@type":"Person","@id":"https:\/\/www.dietetyk.katowice.pl\/author\/fizjodiet-medical-spa\/#Person","name":"FIZJODIET MEDICAL SPA","url":"https:\/\/www.dietetyk.katowice.pl\/author\/fizjodiet-medical-spa\/","image":{"@type":"ImageObject","@id":"https:\/\/secure.gravatar.com\/avatar\/8613260b4781952e90d43b623f90d184?s=96&d=mm&r=g","url":"https:\/\/secure.gravatar.com\/avatar\/8613260b4781952e90d43b623f90d184?s=96&d=mm&r=g","height":96,"width":96}},"publisher":null,"image":{"@type":"ImageObject","@id":"https:\/\/www.dietetyk.katowice.pl\/wp-content\/uploads\/2019\/04\/64497794_s1.jpg","url":"https:\/\/www.dietetyk.katowice.pl\/wp-content\/uploads\/2019\/04\/64497794_s1.jpg","height":565,"width":847},"keywords":["broku\u0142y","dietetyczne przepisy","feta","kolacja","makaron","obiad","przepisy dietetyczny","sa\u0142atka"]},{"@type":"BlogPosting","@id":"https:\/\/www.dietetyk.katowice.pl\/salatka-z-makaronem-rukola-i-mozzarella\/","headline":"Sa\u0142atka z makaronem, rukol\u0105 i mozzarell\u0105","url":"https:\/\/www.dietetyk.katowice.pl\/salatka-z-makaronem-rukola-i-mozzarella\/","datePublished":"2019-04-11","dateModified":"2019-04-11","mainEntityOfPage":"https:\/\/www.dietetyk.katowice.pl\/salatka-z-makaronem-rukola-i-mozzarella\/","author":{"@type":"Person","@id":"https:\/\/www.dietetyk.katowice.pl\/author\/fizjodiet-medical-spa\/#Person","name":"FIZJODIET MEDICAL SPA","url":"https:\/\/www.dietetyk.katowice.pl\/author\/fizjodiet-medical-spa\/","image":{"@type":"ImageObject","@id":"https:\/\/secure.gravatar.com\/avatar\/8613260b4781952e90d43b623f90d184?s=96&d=mm&r=g","url":"https:\/\/secure.gravatar.com\/avatar\/8613260b4781952e90d43b623f90d184?s=96&d=mm&r=g","height":96,"width":96}},"publisher":null,"image":{"@type":"ImageObject","@id":"https:\/\/www.dietetyk.katowice.pl\/wp-content\/uploads\/2019\/04\/13642467_s.jpg","url":"https:\/\/www.dietetyk.katowice.pl\/wp-content\/uploads\/2019\/04\/13642467_s.jpg","height":564,"width":849},"keywords":["dietetyczne przepisy","kolacja","makaron","mozzarella","obiad","przepisy dietetyczne","sa\u0142atka"]},{"@type":"BlogPosting","@id":"https:\/\/www.dietetyk.katowice.pl\/zapiekanka-makaronowa-z-kurczakiem-i-warzywami\/","headline":"Zapiekanka makaronowa z kurczakiem i warzywami","url":"https:\/\/www.dietetyk.katowice.pl\/zapiekanka-makaronowa-z-kurczakiem-i-warzywami\/","datePublished":"2019-03-25","dateModified":"2019-03-25","mainEntityOfPage":"https:\/\/www.dietetyk.katowice.pl\/zapiekanka-makaronowa-z-kurczakiem-i-warzywami\/","author":{"@type":"Person","@id":"https:\/\/www.dietetyk.katowice.pl\/author\/fizjodiet-medical-spa\/#Person","name":"FIZJODIET MEDICAL SPA","url":"https:\/\/www.dietetyk.katowice.pl\/author\/fizjodiet-medical-spa\/","image":{"@type":"ImageObject","@id":"https:\/\/secure.gravatar.com\/avatar\/8613260b4781952e90d43b623f90d184?s=96&d=mm&r=g","url":"https:\/\/secure.gravatar.com\/avatar\/8613260b4781952e90d43b623f90d184?s=96&d=mm&r=g","height":96,"width":96}},"publisher":null,"image":{"@type":"ImageObject","@id":"https:\/\/www.dietetyk.katowice.pl\/wp-content\/uploads\/2019\/03\/8558246_s.jpg","url":"https:\/\/www.dietetyk.katowice.pl\/wp-content\/uploads\/2019\/03\/8558246_s.jpg","height":565,"width":848},"keywords":["dietetyczne przepisy","kurczak","makaron","obiad","zapiekanka"]}]}