






{"@context":"https:\/\/schema.org\/","@type":"CollectionPage","@id":"https:\/\/www.dietetyk.katowice.pl\/tag\/dietetyczne-przepisy\/#CollectionPage","headline":"dietetyczne przepisy Tag","description":"","url":"https:\/\/www.dietetyk.katowice.pl\/tag\/dietetyczne-przepisy\/","hasPart":[{"@type":"BlogPosting","@id":"https:\/\/www.dietetyk.katowice.pl\/kokosanki-low-carb\/","headline":"Kokosanki Low Carb &#8211; dietetyczne","url":"https:\/\/www.dietetyk.katowice.pl\/kokosanki-low-carb\/","datePublished":"2020-01-04","dateModified":"2020-04-05","mainEntityOfPage":"https:\/\/www.dietetyk.katowice.pl\/kokosanki-low-carb\/","author":{"@type":"Person","@id":"https:\/\/www.dietetyk.katowice.pl\/author\/fizjodiet-medical-spa\/#Person","name":"FIZJODIET MEDICAL SPA","url":"https:\/\/www.dietetyk.katowice.pl\/author\/fizjodiet-medical-spa\/","image":{"@type":"ImageObject","@id":"https:\/\/secure.gravatar.com\/avatar\/8613260b4781952e90d43b623f90d184?s=96&d=mm&r=g","url":"https:\/\/secure.gravatar.com\/avatar\/8613260b4781952e90d43b623f90d184?s=96&d=mm&r=g","height":96,"width":96}},"publisher":null,"image":{"@type":"ImageObject","@id":"https:\/\/www.dietetyk.katowice.pl\/wp-content\/uploads\/2020\/02\/almond-cake-truffle-PES4KWT.jpg","url":"https:\/\/www.dietetyk.katowice.pl\/wp-content\/uploads\/2020\/02\/almond-cake-truffle-PES4KWT.jpg","height":849,"width":902},"keywords":["deser","dietetyczne przepisy","kokos","przepisy dietetyczne"]},{"@type":"BlogPosting","@id":"https:\/\/www.dietetyk.katowice.pl\/dietetyczny-karp-z-piekarnika\/","headline":"Dietetyczny karp z piekarnika","url":"https:\/\/www.dietetyk.katowice.pl\/dietetyczny-karp-z-piekarnika\/","datePublished":"2019-12-16","dateModified":"2020-04-05","mainEntityOfPage":"https:\/\/www.dietetyk.katowice.pl\/dietetyczny-karp-z-piekarnika\/","author":{"@type":"Person","@id":"https:\/\/www.dietetyk.katowice.pl\/author\/fizjodiet-medical-spa\/#Person","name":"FIZJODIET MEDICAL SPA","url":"https:\/\/www.dietetyk.katowice.pl\/author\/fizjodiet-medical-spa\/","image":{"@type":"ImageObject","@id":"https:\/\/secure.gravatar.com\/avatar\/8613260b4781952e90d43b623f90d184?s=96&d=mm&r=g","url":"https:\/\/secure.gravatar.com\/avatar\/8613260b4781952e90d43b623f90d184?s=96&d=mm&r=g","height":96,"width":96}},"publisher":null,"image":{"@type":"ImageObject","@id":"https:\/\/www.dietetyk.katowice.pl\/wp-content\/uploads\/2019\/12\/fried-fish-carp-and-fresh-vegetable-salad-PG3ZN2Y.jpg","url":"https:\/\/www.dietetyk.katowice.pl\/wp-content\/uploads\/2019\/12\/fried-fish-carp-and-fresh-vegetable-salad-PG3ZN2Y.jpg","height":356,"width":536},"keywords":["dietetyczne przepisy","obiad","przepisy dietetyczne","ryba","\u015bwi\u0119ta"]},{"@type":"BlogPosting","@id":"https:\/\/www.dietetyk.katowice.pl\/pieczona-owsianka-z-jablkami\/","headline":"Pieczona owsianka z jab\u0142kami","url":"https:\/\/www.dietetyk.katowice.pl\/pieczona-owsianka-z-jablkami\/","datePublished":"2019-12-09","dateModified":"2020-04-05","mainEntityOfPage":"https:\/\/www.dietetyk.katowice.pl\/pieczona-owsianka-z-jablkami\/","author":{"@type":"Person","@id":"https:\/\/www.dietetyk.katowice.pl\/author\/fizjodiet-medical-spa\/#Person","name":"FIZJODIET MEDICAL SPA","url":"https:\/\/www.dietetyk.katowice.pl\/author\/fizjodiet-medical-spa\/","image":{"@type":"ImageObject","@id":"https:\/\/secure.gravatar.com\/avatar\/8613260b4781952e90d43b623f90d184?s=96&d=mm&r=g","url":"https:\/\/secure.gravatar.com\/avatar\/8613260b4781952e90d43b623f90d184?s=96&d=mm&r=g","height":96,"width":96}},"publisher":null,"image":{"@type":"ImageObject","@id":"https:\/\/www.dietetyk.katowice.pl\/wp-content\/uploads\/2019\/12\/baked-apple-with-oats-homemade-healthy-dessert-TVXFLG3.jpg","url":"https:\/\/www.dietetyk.katowice.pl\/wp-content\/uploads\/2019\/12\/baked-apple-with-oats-homemade-healthy-dessert-TVXFLG3.jpg","height":920,"width":614},"keywords":["dietetyczne przepisy","owsianka","przepisy dietetyczne","\u015bniadanie"]},{"@type":"BlogPosting","@id":"https:\/\/www.dietetyk.katowice.pl\/weganskie-curry-z-ciecierzycy\/","headline":"Wega\u0144skie curry z ciecierzycy","url":"https:\/\/www.dietetyk.katowice.pl\/weganskie-curry-z-ciecierzycy\/","datePublished":"2019-11-27","dateModified":"2020-04-05","mainEntityOfPage":"https:\/\/www.dietetyk.katowice.pl\/weganskie-curry-z-ciecierzycy\/","author":{"@type":"Person","@id":"https:\/\/www.dietetyk.katowice.pl\/author\/fizjodiet-medical-spa\/#Person","name":"FIZJODIET MEDICAL SPA","url":"https:\/\/www.dietetyk.katowice.pl\/author\/fizjodiet-medical-spa\/","image":{"@type":"ImageObject","@id":"https:\/\/secure.gravatar.com\/avatar\/8613260b4781952e90d43b623f90d184?s=96&d=mm&r=g","url":"https:\/\/secure.gravatar.com\/avatar\/8613260b4781952e90d43b623f90d184?s=96&d=mm&r=g","height":96,"width":96}},"publisher":null,"image":{"@type":"ImageObject","@id":"https:\/\/www.dietetyk.katowice.pl\/wp-content\/uploads\/2019\/11\/indian-chana-masala-or-chickpea-curry-5JQQLFZ.jpg","url":"https:\/\/www.dietetyk.katowice.pl\/wp-content\/uploads\/2019\/11\/indian-chana-masala-or-chickpea-curry-5JQQLFZ.jpg","height":624,"width":1249},"keywords":["ciecierzyca","cieciorka","dietetyczne przepisy","m\u0105dry wegetarnianizm","obiad","przepisy dietetyczne"]},{"@type":"BlogPosting","@id":"https:\/\/www.dietetyk.katowice.pl\/dietetyczne-frytki-z-selera\/","headline":"Dietetyczne frytki z selera","url":"https:\/\/www.dietetyk.katowice.pl\/dietetyczne-frytki-z-selera\/","datePublished":"2019-11-22","dateModified":"2020-04-05","mainEntityOfPage":"https:\/\/www.dietetyk.katowice.pl\/dietetyczne-frytki-z-selera\/","author":{"@type":"Person","@id":"https:\/\/www.dietetyk.katowice.pl\/author\/fizjodiet-medical-spa\/#Person","name":"FIZJODIET MEDICAL SPA","url":"https:\/\/www.dietetyk.katowice.pl\/author\/fizjodiet-medical-spa\/","image":{"@type":"ImageObject","@id":"https:\/\/secure.gravatar.com\/avatar\/8613260b4781952e90d43b623f90d184?s=96&d=mm&r=g","url":"https:\/\/secure.gravatar.com\/avatar\/8613260b4781952e90d43b623f90d184?s=96&d=mm&r=g","height":96,"width":96}},"publisher":null,"image":{"@type":"ImageObject","@id":"https:\/\/www.dietetyk.katowice.pl\/wp-content\/uploads\/2019\/11\/oven-baked-vegetable-fries-PRBS5JL-scaled.jpg","url":"https:\/\/www.dietetyk.katowice.pl\/wp-content\/uploads\/2019\/11\/oven-baked-vegetable-fries-PRBS5JL-scaled.jpg","height":1707,"width":2560},"keywords":["dietetyczne przepisy","obiad","przepisy dietetyczne"]},{"@type":"BlogPosting","@id":"https:\/\/www.dietetyk.katowice.pl\/dietetyczne-pierogi-ze-szpinakiem-i-mozzarella\/","headline":"Dietetyczne pierogi ze szpinakiem i mozzarell\u0105","url":"https:\/\/www.dietetyk.katowice.pl\/dietetyczne-pierogi-ze-szpinakiem-i-mozzarella\/","datePublished":"2019-11-14","dateModified":"2020-04-05","mainEntityOfPage":"https:\/\/www.dietetyk.katowice.pl\/dietetyczne-pierogi-ze-szpinakiem-i-mozzarella\/","author":{"@type":"Person","@id":"https:\/\/www.dietetyk.katowice.pl\/author\/fizjodiet-medical-spa\/#Person","name":"FIZJODIET MEDICAL SPA","url":"https:\/\/www.dietetyk.katowice.pl\/author\/fizjodiet-medical-spa\/","image":{"@type":"ImageObject","@id":"https:\/\/secure.gravatar.com\/avatar\/8613260b4781952e90d43b623f90d184?s=96&d=mm&r=g","url":"https:\/\/secure.gravatar.com\/avatar\/8613260b4781952e90d43b623f90d184?s=96&d=mm&r=g","height":96,"width":96}},"publisher":null,"image":{"@type":"ImageObject","@id":"https:\/\/www.dietetyk.katowice.pl\/wp-content\/uploads\/2019\/11\/making-ravioli-with-ricotta-cheese-and-spinach-FNE72QL-scaled.jpg","url":"https:\/\/www.dietetyk.katowice.pl\/wp-content\/uploads\/2019\/11\/making-ravioli-with-ricotta-cheese-and-spinach-FNE72QL-scaled.jpg","height":2560,"width":1683},"keywords":["dietetyczne przepisy","obiad","pierogi","przepisy dietetyczne"]},{"@type":"BlogPosting","@id":"https:\/\/www.dietetyk.katowice.pl\/papryka-faszerowana-soczewica-i-ryzem\/","headline":"Papryka faszerowana soczewic\u0105 i ry\u017cem","url":"https:\/\/www.dietetyk.katowice.pl\/papryka-faszerowana-soczewica-i-ryzem\/","datePublished":"2019-11-05","dateModified":"2020-04-05","mainEntityOfPage":"https:\/\/www.dietetyk.katowice.pl\/papryka-faszerowana-soczewica-i-ryzem\/","author":{"@type":"Person","@id":"https:\/\/www.dietetyk.katowice.pl\/author\/fizjodiet-medical-spa\/#Person","name":"FIZJODIET MEDICAL SPA","url":"https:\/\/www.dietetyk.katowice.pl\/author\/fizjodiet-medical-spa\/","image":{"@type":"ImageObject","@id":"https:\/\/secure.gravatar.com\/avatar\/8613260b4781952e90d43b623f90d184?s=96&d=mm&r=g","url":"https:\/\/secure.gravatar.com\/avatar\/8613260b4781952e90d43b623f90d184?s=96&d=mm&r=g","height":96,"width":96}},"publisher":null,"image":{"@type":"ImageObject","@id":"https:\/\/www.dietetyk.katowice.pl\/wp-content\/uploads\/2019\/11\/peppers-stuffed-with-meat-and-rice-DZB2W9F-1.jpg","url":"https:\/\/www.dietetyk.katowice.pl\/wp-content\/uploads\/2019\/11\/peppers-stuffed-with-meat-and-rice-DZB2W9F-1.jpg","height":1688,"width":1336},"keywords":["dietetyczne przepisy","m\u0105dry wegetarnianizm","obiad","papryka","przepisy dietetyczne"]},{"@type":"BlogPosting","@id":"https:\/\/www.dietetyk.katowice.pl\/salatka-z-batatow-fety-i-kolendry\/","headline":"Sa\u0142atka z batat\u00f3w, fety i kolendry","url":"https:\/\/www.dietetyk.katowice.pl\/salatka-z-batatow-fety-i-kolendry\/","datePublished":"2019-10-28","dateModified":"2020-04-05","mainEntityOfPage":"https:\/\/www.dietetyk.katowice.pl\/salatka-z-batatow-fety-i-kolendry\/","author":{"@type":"Person","@id":"https:\/\/www.dietetyk.katowice.pl\/author\/fizjodiet-medical-spa\/#Person","name":"FIZJODIET MEDICAL SPA","url":"https:\/\/www.dietetyk.katowice.pl\/author\/fizjodiet-medical-spa\/","image":{"@type":"ImageObject","@id":"https:\/\/secure.gravatar.com\/avatar\/8613260b4781952e90d43b623f90d184?s=96&d=mm&r=g","url":"https:\/\/secure.gravatar.com\/avatar\/8613260b4781952e90d43b623f90d184?s=96&d=mm&r=g","height":96,"width":96}},"publisher":null,"image":{"@type":"ImageObject","@id":"https:\/\/www.dietetyk.katowice.pl\/wp-content\/uploads\/2019\/10\/73023407_766400027114568_1808641080879480832_n.jpg","url":"https:\/\/www.dietetyk.katowice.pl\/wp-content\/uploads\/2019\/10\/73023407_766400027114568_1808641080879480832_n.jpg","height":1696,"width":2448},"keywords":["dietetyczne przepisy","sa\u0142atka"]},{"@type":"BlogPosting","@id":"https:\/\/www.dietetyk.katowice.pl\/salatka-z-czerwona-fasola-szpinakiem-kukurydza-pestkami-dyni\/","headline":"Sa\u0142atka z czerwon\u0105 fasol\u0105, szpinakiem, kukurydz\u0105, pestkami dyni","url":"https:\/\/www.dietetyk.katowice.pl\/salatka-z-czerwona-fasola-szpinakiem-kukurydza-pestkami-dyni\/","datePublished":"2019-10-23","dateModified":"2020-04-05","mainEntityOfPage":"https:\/\/www.dietetyk.katowice.pl\/salatka-z-czerwona-fasola-szpinakiem-kukurydza-pestkami-dyni\/","author":{"@type":"Person","@id":"https:\/\/www.dietetyk.katowice.pl\/author\/fizjodiet-medical-spa\/#Person","name":"FIZJODIET MEDICAL SPA","url":"https:\/\/www.dietetyk.katowice.pl\/author\/fizjodiet-medical-spa\/","image":{"@type":"ImageObject","@id":"https:\/\/secure.gravatar.com\/avatar\/8613260b4781952e90d43b623f90d184?s=96&d=mm&r=g","url":"https:\/\/secure.gravatar.com\/avatar\/8613260b4781952e90d43b623f90d184?s=96&d=mm&r=g","height":96,"width":96}},"publisher":null,"image":{"@type":"ImageObject","@id":"https:\/\/www.dietetyk.katowice.pl\/wp-content\/uploads\/2019\/10\/bean-salad-with-tortilla-PXPXEQM-scaled.jpg","url":"https:\/\/www.dietetyk.katowice.pl\/wp-content\/uploads\/2019\/10\/bean-salad-with-tortilla-PXPXEQM-scaled.jpg","height":1707,"width":2560},"keywords":["dietetyczne przepisy","sa\u0142atka"]},{"@type":"BlogPosting","@id":"https:\/\/www.dietetyk.katowice.pl\/koktajl-z-owocow-lesnych-z-nasionami-chia\/","headline":"Koktajl z owoc\u00f3w le\u015bnych z nasionami chia","url":"https:\/\/www.dietetyk.katowice.pl\/koktajl-z-owocow-lesnych-z-nasionami-chia\/","datePublished":"2019-09-10","dateModified":"2019-09-10","mainEntityOfPage":"https:\/\/www.dietetyk.katowice.pl\/koktajl-z-owocow-lesnych-z-nasionami-chia\/","author":{"@type":"Person","@id":"https:\/\/www.dietetyk.katowice.pl\/author\/fizjodiet-medical-spa\/#Person","name":"FIZJODIET MEDICAL SPA","url":"https:\/\/www.dietetyk.katowice.pl\/author\/fizjodiet-medical-spa\/","image":{"@type":"ImageObject","@id":"https:\/\/secure.gravatar.com\/avatar\/8613260b4781952e90d43b623f90d184?s=96&d=mm&r=g","url":"https:\/\/secure.gravatar.com\/avatar\/8613260b4781952e90d43b623f90d184?s=96&d=mm&r=g","height":96,"width":96}},"publisher":null,"image":{"@type":"ImageObject","@id":"https:\/\/www.dietetyk.katowice.pl\/wp-content\/uploads\/2019\/09\/red-strawberry-smoothie-PV77KPU-scaled.jpg","url":"https:\/\/www.dietetyk.katowice.pl\/wp-content\/uploads\/2019\/09\/red-strawberry-smoothie-PV77KPU-scaled.jpg","height":2560,"width":1707},"keywords":["chia","deser","dietetyczne przepisy","koktajl","owoce","przepisy dietetyczne"]}]}