






{"@context":"https:\/\/schema.org\/","@type":"CollectionPage","@id":"https:\/\/www.dietetyk.katowice.pl\/przepisy\/#CollectionPage","headline":"Przepisy Category","description":"","url":"https:\/\/www.dietetyk.katowice.pl\/przepisy\/","hasPart":[{"@type":"BlogPosting","@id":"https:\/\/www.dietetyk.katowice.pl\/koktajl-bananowo-orzechowy\/","headline":"Koktajl bananowo-orzechowy","url":"https:\/\/www.dietetyk.katowice.pl\/koktajl-bananowo-orzechowy\/","datePublished":"2017-12-01","dateModified":"2017-12-01","mainEntityOfPage":"https:\/\/www.dietetyk.katowice.pl\/koktajl-bananowo-orzechowy\/","author":{"@type":"Person","@id":"https:\/\/www.dietetyk.katowice.pl\/author\/dietetyk-katowice\/#Person","name":"Dietetyk Katowice","url":"https:\/\/www.dietetyk.katowice.pl\/author\/dietetyk-katowice\/","image":{"@type":"ImageObject","@id":"https:\/\/secure.gravatar.com\/avatar\/?s=96&d=mm&r=g","url":"https:\/\/secure.gravatar.com\/avatar\/?s=96&d=mm&r=g","height":96,"width":96}},"publisher":null,"image":{"@type":"ImageObject","@id":"https:\/\/www.dietetyk.katowice.pl\/wp-content\/uploads\/2017\/12\/7556-pyszny-i-dietetyczny-koktajl-banano.jpg","url":"https:\/\/www.dietetyk.katowice.pl\/wp-content\/uploads\/2017\/12\/7556-pyszny-i-dietetyczny-koktajl-banano.jpg","height":613,"width":415},"keywords":["dieta katowice","dietetyk chorz\u00f3w","dietetyk sosnowiec","dietetyk tychy","koktajl","przepis dla sportowc\u00f3w","przepisy dietetyczne"]},{"@type":"BlogPosting","@id":"https:\/\/www.dietetyk.katowice.pl\/szybka-salatka-z-kurczakiem-pomidorami-i-brokulami\/","headline":"Szybka sa\u0142atka z kurczakiem, pomidorami i broku\u0142ami w aromatycznym sosie","url":"https:\/\/www.dietetyk.katowice.pl\/szybka-salatka-z-kurczakiem-pomidorami-i-brokulami\/","datePublished":"2017-11-20","dateModified":"2017-11-20","mainEntityOfPage":"https:\/\/www.dietetyk.katowice.pl\/szybka-salatka-z-kurczakiem-pomidorami-i-brokulami\/","author":{"@type":"Person","@id":"https:\/\/www.dietetyk.katowice.pl\/author\/dietetyk-katowice\/#Person","name":"Dietetyk Katowice","url":"https:\/\/www.dietetyk.katowice.pl\/author\/dietetyk-katowice\/","image":{"@type":"ImageObject","@id":"https:\/\/secure.gravatar.com\/avatar\/?s=96&d=mm&r=g","url":"https:\/\/secure.gravatar.com\/avatar\/?s=96&d=mm&r=g","height":96,"width":96}},"publisher":null,"image":{"@type":"ImageObject","@id":"https:\/\/www.dietetyk.katowice.pl\/wp-content\/uploads\/2017\/11\/4063389.jpg","url":"https:\/\/www.dietetyk.katowice.pl\/wp-content\/uploads\/2017\/11\/4063389.jpg","height":960,"width":960},"keywords":["dieta","dieta katowice","dietetyk chorz\u00f3w","dietetyk Katowice","dietetyk sosnowiec","dietetyk tychy","obiad","odchudzanie","przepis dla dzieci","Przepis odchudzaj\u0105cy","przepisy dietetyczne"]},{"@type":"BlogPosting","@id":"https:\/\/www.dietetyk.katowice.pl\/jaglanka-z-bananem-cynamonem-i-orzechami\/","headline":"Jaglanka z bananem, cynamonem i orzechami","url":"https:\/\/www.dietetyk.katowice.pl\/jaglanka-z-bananem-cynamonem-i-orzechami\/","datePublished":"2017-11-16","dateModified":"2017-11-16","mainEntityOfPage":"https:\/\/www.dietetyk.katowice.pl\/jaglanka-z-bananem-cynamonem-i-orzechami\/","author":{"@type":"Person","@id":"https:\/\/www.dietetyk.katowice.pl\/author\/dietetyk-katowice\/#Person","name":"Dietetyk Katowice","url":"https:\/\/www.dietetyk.katowice.pl\/author\/dietetyk-katowice\/","image":{"@type":"ImageObject","@id":"https:\/\/secure.gravatar.com\/avatar\/?s=96&d=mm&r=g","url":"https:\/\/secure.gravatar.com\/avatar\/?s=96&d=mm&r=g","height":96,"width":96}},"publisher":null,"image":{"@type":"ImageObject","@id":"https:\/\/www.dietetyk.katowice.pl\/wp-content\/uploads\/2017\/11\/7446d3eee95d8c3ad37dba54837df4a1_620x740.jpeg","url":"https:\/\/www.dietetyk.katowice.pl\/wp-content\/uploads\/2017\/11\/7446d3eee95d8c3ad37dba54837df4a1_620x740.jpeg","height":740,"width":620},"keywords":["dietetyk","dietetyk Katowice","dietetyk sosnowiec","dietetyk tychy","odchudzanie","przepis dla dzieci","przepisy dietetyczne"]},{"@type":"BlogPosting","@id":"https:\/\/www.dietetyk.katowice.pl\/pozywna-zupa-warzywna-z-kurczakiem\/","headline":"Po\u017cywna zupa warzywna z kurczakiem, kolendr\u0105 i limonk\u0105","url":"https:\/\/www.dietetyk.katowice.pl\/pozywna-zupa-warzywna-z-kurczakiem\/","datePublished":"2017-11-06","dateModified":"2017-11-06","mainEntityOfPage":"https:\/\/www.dietetyk.katowice.pl\/pozywna-zupa-warzywna-z-kurczakiem\/","author":{"@type":"Person","@id":"https:\/\/www.dietetyk.katowice.pl\/author\/dietetyk-katowice\/#Person","name":"Dietetyk Katowice","url":"https:\/\/www.dietetyk.katowice.pl\/author\/dietetyk-katowice\/","image":{"@type":"ImageObject","@id":"https:\/\/secure.gravatar.com\/avatar\/?s=96&d=mm&r=g","url":"https:\/\/secure.gravatar.com\/avatar\/?s=96&d=mm&r=g","height":96,"width":96}},"publisher":null,"image":{"@type":"ImageObject","@id":"https:\/\/www.dietetyk.katowice.pl\/wp-content\/uploads\/2017\/11\/3935451.jpg","url":"https:\/\/www.dietetyk.katowice.pl\/wp-content\/uploads\/2017\/11\/3935451.jpg","height":960,"width":960},"keywords":["dietetyk Katowice","dietetyk sosnowiec","dietetyk tychy","diety odchudzaj\u0105ce","obiad","przepis dla dzieci","Przepis odchudzaj\u0105cy","przepisy dietetyczne"]},{"@type":"BlogPosting","@id":"https:\/\/www.dietetyk.katowice.pl\/przepisy-dietetyczne-jogurtowy-serniczek-cytrynowy\/","headline":"Przepisy dietetyczne: Jogurtowy serniczek cytrynowy","url":"https:\/\/www.dietetyk.katowice.pl\/przepisy-dietetyczne-jogurtowy-serniczek-cytrynowy\/","datePublished":"2017-10-23","dateModified":"2017-10-23","mainEntityOfPage":"https:\/\/www.dietetyk.katowice.pl\/przepisy-dietetyczne-jogurtowy-serniczek-cytrynowy\/","author":{"@type":"Person","@id":"https:\/\/www.dietetyk.katowice.pl\/author\/dietetyk-katowice\/#Person","name":"Dietetyk Katowice","url":"https:\/\/www.dietetyk.katowice.pl\/author\/dietetyk-katowice\/","image":{"@type":"ImageObject","@id":"https:\/\/secure.gravatar.com\/avatar\/?s=96&d=mm&r=g","url":"https:\/\/secure.gravatar.com\/avatar\/?s=96&d=mm&r=g","height":96,"width":96}},"publisher":null,"image":{"@type":"ImageObject","@id":"https:\/\/www.dietetyk.katowice.pl\/wp-content\/uploads\/2017\/10\/4027929.jpg","url":"https:\/\/www.dietetyk.katowice.pl\/wp-content\/uploads\/2017\/10\/4027929.jpg","height":960,"width":960},"keywords":["dieta katowice","dietetyk bytom","dietetyk chorz\u00f3w","dietetyk sosnowiec","dietetyk tychy","diety odchudzaj\u0105ce","przepis dla dzieci","przepisy dietetyczne"]},{"@type":"BlogPosting","@id":"https:\/\/www.dietetyk.katowice.pl\/przepisy-dietetyczne-koktajl-porzeczkowy\/","headline":"Przepisy dietetyczne: Koktajl porzeczkowo &#8211; migda\u0142owy","url":"https:\/\/www.dietetyk.katowice.pl\/przepisy-dietetyczne-koktajl-porzeczkowy\/","datePublished":"2017-10-14","dateModified":"2017-10-14","mainEntityOfPage":"https:\/\/www.dietetyk.katowice.pl\/przepisy-dietetyczne-koktajl-porzeczkowy\/","author":{"@type":"Person","@id":"https:\/\/www.dietetyk.katowice.pl\/author\/dietetyk-katowice\/#Person","name":"Dietetyk Katowice","url":"https:\/\/www.dietetyk.katowice.pl\/author\/dietetyk-katowice\/","image":{"@type":"ImageObject","@id":"https:\/\/secure.gravatar.com\/avatar\/?s=96&d=mm&r=g","url":"https:\/\/secure.gravatar.com\/avatar\/?s=96&d=mm&r=g","height":96,"width":96}},"publisher":null,"image":{"@type":"ImageObject","@id":"https:\/\/www.dietetyk.katowice.pl\/wp-content\/uploads\/2017\/10\/smoothie.jpg","url":"https:\/\/www.dietetyk.katowice.pl\/wp-content\/uploads\/2017\/10\/smoothie.jpg","height":960,"width":960},"keywords":["die","dietetyczny koktajl","dietetyk d\u0105browa g\u00f3rnicza","dietetyk Katowice","dietetyk tychy","przepis autoimmunologiczny","przepis dla dzieci","Przepis odchudzaj\u0105cy","przepisy dietetyczne"]},{"@type":"BlogPosting","@id":"https:\/\/www.dietetyk.katowice.pl\/jajka-faszerowane-pieczarkami-i-szynka\/","headline":"Przepisy dietetyczne: Jajka faszerowane pieczarkami i szynk\u0105","url":"https:\/\/www.dietetyk.katowice.pl\/jajka-faszerowane-pieczarkami-i-szynka\/","datePublished":"2017-09-22","dateModified":"2017-09-22","mainEntityOfPage":"https:\/\/www.dietetyk.katowice.pl\/jajka-faszerowane-pieczarkami-i-szynka\/","author":{"@type":"Person","@id":"https:\/\/www.dietetyk.katowice.pl\/author\/dietetyk-katowice\/#Person","name":"Dietetyk Katowice","url":"https:\/\/www.dietetyk.katowice.pl\/author\/dietetyk-katowice\/","image":{"@type":"ImageObject","@id":"https:\/\/secure.gravatar.com\/avatar\/?s=96&d=mm&r=g","url":"https:\/\/secure.gravatar.com\/avatar\/?s=96&d=mm&r=g","height":96,"width":96}},"publisher":null,"image":{"@type":"ImageObject","@id":"https:\/\/www.dietetyk.katowice.pl\/wp-content\/uploads\/2017\/09\/Jajka_faszerowane_pieczarkami_i_szynka.jpg","url":"https:\/\/www.dietetyk.katowice.pl\/wp-content\/uploads\/2017\/09\/Jajka_faszerowane_pieczarkami_i_szynka.jpg","height":600,"width":900},"keywords":["dietetyk chorz\u00f3w","dietetyk Katowice","dietetyk sosnowiec","przepisy dietetyczne"]},{"@type":"BlogPosting","@id":"https:\/\/www.dietetyk.katowice.pl\/drobiowe-placki-z-amarantusem\/","headline":"Drobiowe placuszki z amarantusem","url":"https:\/\/www.dietetyk.katowice.pl\/drobiowe-placki-z-amarantusem\/","datePublished":"2017-09-22","dateModified":"2020-04-10","mainEntityOfPage":"https:\/\/www.dietetyk.katowice.pl\/drobiowe-placki-z-amarantusem\/","author":{"@type":"Person","@id":"https:\/\/www.dietetyk.katowice.pl\/author\/dietetyk-katowice\/#Person","name":"Dietetyk Katowice","url":"https:\/\/www.dietetyk.katowice.pl\/author\/dietetyk-katowice\/","image":{"@type":"ImageObject","@id":"https:\/\/secure.gravatar.com\/avatar\/?s=96&d=mm&r=g","url":"https:\/\/secure.gravatar.com\/avatar\/?s=96&d=mm&r=g","height":96,"width":96}},"publisher":null,"image":{"@type":"ImageObject","@id":"https:\/\/www.dietetyk.katowice.pl\/wp-content\/uploads\/2017\/09\/Drobiowe_placki-z_amarantusem.jpg","url":"https:\/\/www.dietetyk.katowice.pl\/wp-content\/uploads\/2017\/09\/Drobiowe_placki-z_amarantusem.jpg","height":600,"width":900},"keywords":null},{"@type":"BlogPosting","@id":"https:\/\/www.dietetyk.katowice.pl\/duszona-wolowina-z-papryka\/","headline":"Duszona wo\u0142owina z papryk\u0105","url":"https:\/\/www.dietetyk.katowice.pl\/duszona-wolowina-z-papryka\/","datePublished":"2017-09-22","dateModified":"2020-04-10","mainEntityOfPage":"https:\/\/www.dietetyk.katowice.pl\/duszona-wolowina-z-papryka\/","author":{"@type":"Person","@id":"https:\/\/www.dietetyk.katowice.pl\/author\/dietetyk-katowice\/#Person","name":"Dietetyk Katowice","url":"https:\/\/www.dietetyk.katowice.pl\/author\/dietetyk-katowice\/","image":{"@type":"ImageObject","@id":"https:\/\/secure.gravatar.com\/avatar\/?s=96&d=mm&r=g","url":"https:\/\/secure.gravatar.com\/avatar\/?s=96&d=mm&r=g","height":96,"width":96}},"publisher":null,"image":{"@type":"ImageObject","@id":"https:\/\/www.dietetyk.katowice.pl\/wp-content\/uploads\/2017\/09\/duszona_wolowina_z_papryka.jpg","url":"https:\/\/www.dietetyk.katowice.pl\/wp-content\/uploads\/2017\/09\/duszona_wolowina_z_papryka.jpg","height":600,"width":900},"keywords":null},{"@type":"BlogPosting","@id":"https:\/\/www.dietetyk.katowice.pl\/nalesniki-meksykanskie\/","headline":"Nale\u015bniki meksyka\u0144skie","url":"https:\/\/www.dietetyk.katowice.pl\/nalesniki-meksykanskie\/","datePublished":"2017-09-22","dateModified":"2020-04-10","mainEntityOfPage":"https:\/\/www.dietetyk.katowice.pl\/nalesniki-meksykanskie\/","author":{"@type":"Person","@id":"https:\/\/www.dietetyk.katowice.pl\/author\/dietetyk-katowice\/#Person","name":"Dietetyk Katowice","url":"https:\/\/www.dietetyk.katowice.pl\/author\/dietetyk-katowice\/","image":{"@type":"ImageObject","@id":"https:\/\/secure.gravatar.com\/avatar\/?s=96&d=mm&r=g","url":"https:\/\/secure.gravatar.com\/avatar\/?s=96&d=mm&r=g","height":96,"width":96}},"publisher":null,"image":{"@type":"ImageObject","@id":"https:\/\/www.dietetyk.katowice.pl\/wp-content\/uploads\/2017\/09\/Farsz-meksykanski-do-nalesnikow.jpg","url":"https:\/\/www.dietetyk.katowice.pl\/wp-content\/uploads\/2017\/09\/Farsz-meksykanski-do-nalesnikow.jpg","height":600,"width":900},"keywords":null}]}