






{"@context":"https:\/\/schema.org\/","@type":"CollectionPage","@id":"https:\/\/www.dietetyk.katowice.pl\/przepisy\/#CollectionPage","headline":"Przepisy Category","description":"","url":"https:\/\/www.dietetyk.katowice.pl\/przepisy\/","hasPart":[{"@type":"BlogPosting","@id":"https:\/\/www.dietetyk.katowice.pl\/placuszki-z-twarogu\/","headline":"Placuszki z twarogu","url":"https:\/\/www.dietetyk.katowice.pl\/placuszki-z-twarogu\/","datePublished":"2018-10-19","dateModified":"2018-10-19","mainEntityOfPage":"https:\/\/www.dietetyk.katowice.pl\/placuszki-z-twarogu\/","author":{"@type":"Person","@id":"https:\/\/www.dietetyk.katowice.pl\/author\/fizjodiet-medical-spa\/#Person","name":"FIZJODIET MEDICAL SPA","url":"https:\/\/www.dietetyk.katowice.pl\/author\/fizjodiet-medical-spa\/","image":{"@type":"ImageObject","@id":"https:\/\/secure.gravatar.com\/avatar\/8613260b4781952e90d43b623f90d184?s=96&d=mm&r=g","url":"https:\/\/secure.gravatar.com\/avatar\/8613260b4781952e90d43b623f90d184?s=96&d=mm&r=g","height":96,"width":96}},"publisher":null,"image":{"@type":"ImageObject","@id":"https:\/\/www.dietetyk.katowice.pl\/wp-content\/uploads\/2018\/10\/46671531_s.jpg","url":"https:\/\/www.dietetyk.katowice.pl\/wp-content\/uploads\/2018\/10\/46671531_s.jpg","height":565,"width":847},"keywords":["placki","placuszki","przepisy dietetyczne","\u015bniadanie"]},{"@type":"BlogPosting","@id":"https:\/\/www.dietetyk.katowice.pl\/risotto-z-zielonym-groszkiem\/","headline":"Risotto z zielonym groszkiem","url":"https:\/\/www.dietetyk.katowice.pl\/risotto-z-zielonym-groszkiem\/","datePublished":"2018-10-08","dateModified":"2018-10-12","mainEntityOfPage":"https:\/\/www.dietetyk.katowice.pl\/risotto-z-zielonym-groszkiem\/","author":{"@type":"Person","@id":"https:\/\/www.dietetyk.katowice.pl\/author\/fizjodiet-medical-spa\/#Person","name":"FIZJODIET MEDICAL SPA","url":"https:\/\/www.dietetyk.katowice.pl\/author\/fizjodiet-medical-spa\/","image":{"@type":"ImageObject","@id":"https:\/\/secure.gravatar.com\/avatar\/8613260b4781952e90d43b623f90d184?s=96&d=mm&r=g","url":"https:\/\/secure.gravatar.com\/avatar\/8613260b4781952e90d43b623f90d184?s=96&d=mm&r=g","height":96,"width":96}},"publisher":null,"image":{"@type":"ImageObject","@id":"https:\/\/www.dietetyk.katowice.pl\/wp-content\/uploads\/2018\/10\/neonbrand-231219-unsplash-scaled.jpg","url":"https:\/\/www.dietetyk.katowice.pl\/wp-content\/uploads\/2018\/10\/neonbrand-231219-unsplash-scaled.jpg","height":2091,"width":2560},"keywords":["kolacja","obiad","przepisy dietetyczne","risotto"]},{"@type":"BlogPosting","@id":"https:\/\/www.dietetyk.katowice.pl\/paella-z-kurczakiem\/","headline":"Paella z kurczakiem","url":"https:\/\/www.dietetyk.katowice.pl\/paella-z-kurczakiem\/","datePublished":"2018-10-04","dateModified":"2018-10-04","mainEntityOfPage":"https:\/\/www.dietetyk.katowice.pl\/paella-z-kurczakiem\/","author":{"@type":"Person","@id":"https:\/\/www.dietetyk.katowice.pl\/author\/fizjodiet-medical-spa\/#Person","name":"FIZJODIET MEDICAL SPA","url":"https:\/\/www.dietetyk.katowice.pl\/author\/fizjodiet-medical-spa\/","image":{"@type":"ImageObject","@id":"https:\/\/secure.gravatar.com\/avatar\/8613260b4781952e90d43b623f90d184?s=96&d=mm&r=g","url":"https:\/\/secure.gravatar.com\/avatar\/8613260b4781952e90d43b623f90d184?s=96&d=mm&r=g","height":96,"width":96}},"publisher":null,"image":{"@type":"ImageObject","@id":"https:\/\/www.dietetyk.katowice.pl\/wp-content\/uploads\/2018\/10\/neonbrand-231219-unsplash-scaled.jpg","url":"https:\/\/www.dietetyk.katowice.pl\/wp-content\/uploads\/2018\/10\/neonbrand-231219-unsplash-scaled.jpg","height":2091,"width":2560},"keywords":["kolacja","kurczak","obiad","przepisy dietetyczne"]},{"@type":"BlogPosting","@id":"https:\/\/www.dietetyk.katowice.pl\/placuszki-z-cukinii\/","headline":"Placuszki z cukinii","url":"https:\/\/www.dietetyk.katowice.pl\/placuszki-z-cukinii\/","datePublished":"2018-09-06","dateModified":"2018-09-06","mainEntityOfPage":"https:\/\/www.dietetyk.katowice.pl\/placuszki-z-cukinii\/","author":{"@type":"Person","@id":"https:\/\/www.dietetyk.katowice.pl\/author\/fizjodiet-medical-spa\/#Person","name":"FIZJODIET MEDICAL SPA","url":"https:\/\/www.dietetyk.katowice.pl\/author\/fizjodiet-medical-spa\/","image":{"@type":"ImageObject","@id":"https:\/\/secure.gravatar.com\/avatar\/8613260b4781952e90d43b623f90d184?s=96&d=mm&r=g","url":"https:\/\/secure.gravatar.com\/avatar\/8613260b4781952e90d43b623f90d184?s=96&d=mm&r=g","height":96,"width":96}},"publisher":null,"image":{"@type":"ImageObject","@id":"https:\/\/www.dietetyk.katowice.pl\/wp-content\/uploads\/2018\/09\/50414161_s.jpg","url":"https:\/\/www.dietetyk.katowice.pl\/wp-content\/uploads\/2018\/09\/50414161_s.jpg","height":565,"width":848},"keywords":["cukinia","placuszki z cukinii","przepisy dietetyczne"]},{"@type":"BlogPosting","@id":"https:\/\/www.dietetyk.katowice.pl\/salatka-z-makaronem-tunczykiem-rukola-i-mozzarella\/","headline":"Sa\u0142atka z makaronem, tu\u0144czykiem, rukol\u0105 i mozzarell\u0105","url":"https:\/\/www.dietetyk.katowice.pl\/salatka-z-makaronem-tunczykiem-rukola-i-mozzarella\/","datePublished":"2018-08-27","dateModified":"2018-08-28","mainEntityOfPage":"https:\/\/www.dietetyk.katowice.pl\/salatka-z-makaronem-tunczykiem-rukola-i-mozzarella\/","author":{"@type":"Person","@id":"https:\/\/www.dietetyk.katowice.pl\/author\/fizjodiet-medical-spa\/#Person","name":"FIZJODIET MEDICAL SPA","url":"https:\/\/www.dietetyk.katowice.pl\/author\/fizjodiet-medical-spa\/","image":{"@type":"ImageObject","@id":"https:\/\/secure.gravatar.com\/avatar\/8613260b4781952e90d43b623f90d184?s=96&d=mm&r=g","url":"https:\/\/secure.gravatar.com\/avatar\/8613260b4781952e90d43b623f90d184?s=96&d=mm&r=g","height":96,"width":96}},"publisher":null,"image":{"@type":"ImageObject","@id":"https:\/\/www.dietetyk.katowice.pl\/wp-content\/uploads\/2018\/08\/95745238_s.jpg","url":"https:\/\/www.dietetyk.katowice.pl\/wp-content\/uploads\/2018\/08\/95745238_s.jpg","height":565,"width":848},"keywords":["makaron","obiad","przepisy dietetyczne","tu\u0144czyk"]},{"@type":"BlogPosting","@id":"https:\/\/www.dietetyk.katowice.pl\/dietetyczne-leczo-z-kurczakiem\/","headline":"Dietetyczne leczo z kurczakiem","url":"https:\/\/www.dietetyk.katowice.pl\/dietetyczne-leczo-z-kurczakiem\/","datePublished":"2018-06-15","dateModified":"2018-08-23","mainEntityOfPage":"https:\/\/www.dietetyk.katowice.pl\/dietetyczne-leczo-z-kurczakiem\/","author":{"@type":"Person","@id":"https:\/\/www.dietetyk.katowice.pl\/author\/fizjodiet-medical-spa\/#Person","name":"FIZJODIET MEDICAL SPA","url":"https:\/\/www.dietetyk.katowice.pl\/author\/fizjodiet-medical-spa\/","image":{"@type":"ImageObject","@id":"https:\/\/secure.gravatar.com\/avatar\/8613260b4781952e90d43b623f90d184?s=96&d=mm&r=g","url":"https:\/\/secure.gravatar.com\/avatar\/8613260b4781952e90d43b623f90d184?s=96&d=mm&r=g","height":96,"width":96}},"publisher":null,"image":{"@type":"ImageObject","@id":"https:\/\/www.dietetyk.katowice.pl\/wp-content\/uploads\/2018\/06\/Dietetyczne-leczo-z-kurczakiem.jpg","url":"https:\/\/www.dietetyk.katowice.pl\/wp-content\/uploads\/2018\/06\/Dietetyczne-leczo-z-kurczakiem.jpg","height":559,"width":856},"keywords":["dietetyk Katowice","leczo","obiad","przepisy dietetyczne"]},{"@type":"BlogPosting","@id":"https:\/\/www.dietetyk.katowice.pl\/makaron-z-kurczakiem-rukola-i-pomidorkami-koktajlowymi\/","headline":"Makaron z kurczakiem, rukol\u0105 i pomidorkami koktajlowymi","url":"https:\/\/www.dietetyk.katowice.pl\/makaron-z-kurczakiem-rukola-i-pomidorkami-koktajlowymi\/","datePublished":"2018-05-28","dateModified":"2018-08-23","mainEntityOfPage":"https:\/\/www.dietetyk.katowice.pl\/makaron-z-kurczakiem-rukola-i-pomidorkami-koktajlowymi\/","author":{"@type":"Person","@id":"https:\/\/www.dietetyk.katowice.pl\/author\/fizjodiet-medical-spa\/#Person","name":"FIZJODIET MEDICAL SPA","url":"https:\/\/www.dietetyk.katowice.pl\/author\/fizjodiet-medical-spa\/","image":{"@type":"ImageObject","@id":"https:\/\/secure.gravatar.com\/avatar\/8613260b4781952e90d43b623f90d184?s=96&d=mm&r=g","url":"https:\/\/secure.gravatar.com\/avatar\/8613260b4781952e90d43b623f90d184?s=96&d=mm&r=g","height":96,"width":96}},"publisher":null,"image":{"@type":"ImageObject","@id":"https:\/\/www.dietetyk.katowice.pl\/wp-content\/uploads\/2018\/05\/68892295_s.jpg","url":"https:\/\/www.dietetyk.katowice.pl\/wp-content\/uploads\/2018\/05\/68892295_s.jpg","height":565,"width":848},"keywords":["dietetyk Katowice","makaron","obiad","przepisy dietetyczne"]},{"@type":"BlogPosting","@id":"https:\/\/www.dietetyk.katowice.pl\/kaszotto-z-kaszy-gryczanej-ze-szpinakiem-i-kurczakiem\/","headline":"Kaszotto z kaszy gryczanej","url":"https:\/\/www.dietetyk.katowice.pl\/kaszotto-z-kaszy-gryczanej-ze-szpinakiem-i-kurczakiem\/","datePublished":"2018-05-18","dateModified":"2018-08-23","mainEntityOfPage":"https:\/\/www.dietetyk.katowice.pl\/kaszotto-z-kaszy-gryczanej-ze-szpinakiem-i-kurczakiem\/","author":{"@type":"Person","@id":"https:\/\/www.dietetyk.katowice.pl\/author\/fizjodiet-medical-spa\/#Person","name":"FIZJODIET MEDICAL SPA","url":"https:\/\/www.dietetyk.katowice.pl\/author\/fizjodiet-medical-spa\/","image":{"@type":"ImageObject","@id":"https:\/\/secure.gravatar.com\/avatar\/8613260b4781952e90d43b623f90d184?s=96&d=mm&r=g","url":"https:\/\/secure.gravatar.com\/avatar\/8613260b4781952e90d43b623f90d184?s=96&d=mm&r=g","height":96,"width":96}},"publisher":null,"image":{"@type":"ImageObject","@id":"https:\/\/www.dietetyk.katowice.pl\/wp-content\/uploads\/2018\/05\/100674190_m.jpg","url":"https:\/\/www.dietetyk.katowice.pl\/wp-content\/uploads\/2018\/05\/100674190_m.jpg","height":1672,"width":2508},"keywords":["dieta","dietetyk Katowice","kasza","kurczak","obiad","przepisy dietetyczne"]},{"@type":"BlogPosting","@id":"https:\/\/www.dietetyk.katowice.pl\/omlet-biszkoptowy-z-malinami\/","headline":"Omlet biszkoptowy z malinami","url":"https:\/\/www.dietetyk.katowice.pl\/omlet-biszkoptowy-z-malinami\/","datePublished":"2018-05-11","dateModified":"2018-08-23","mainEntityOfPage":"https:\/\/www.dietetyk.katowice.pl\/omlet-biszkoptowy-z-malinami\/","author":{"@type":"Person","@id":"https:\/\/www.dietetyk.katowice.pl\/author\/fizjodiet-medical-spa\/#Person","name":"FIZJODIET MEDICAL SPA","url":"https:\/\/www.dietetyk.katowice.pl\/author\/fizjodiet-medical-spa\/","image":{"@type":"ImageObject","@id":"https:\/\/secure.gravatar.com\/avatar\/8613260b4781952e90d43b623f90d184?s=96&d=mm&r=g","url":"https:\/\/secure.gravatar.com\/avatar\/8613260b4781952e90d43b623f90d184?s=96&d=mm&r=g","height":96,"width":96}},"publisher":null,"image":{"@type":"ImageObject","@id":"https:\/\/www.dietetyk.katowice.pl\/wp-content\/uploads\/2018\/05\/81843316_m.jpg","url":"https:\/\/www.dietetyk.katowice.pl\/wp-content\/uploads\/2018\/05\/81843316_m.jpg","height":1672,"width":2508},"keywords":["dietetyk Katowice","jajka","kolacja","odchudzanie katowice","omlet","przepisy dietetyczne","\u015bniadanie"]},{"@type":"BlogPosting","@id":"https:\/\/www.dietetyk.katowice.pl\/drobiowe-szaszlyki-z-warzywami\/","headline":"Drobiowe szasz\u0142yki z warzywami","url":"https:\/\/www.dietetyk.katowice.pl\/drobiowe-szaszlyki-z-warzywami\/","datePublished":"2018-04-30","dateModified":"2018-08-23","mainEntityOfPage":"https:\/\/www.dietetyk.katowice.pl\/drobiowe-szaszlyki-z-warzywami\/","author":{"@type":"Person","@id":"https:\/\/www.dietetyk.katowice.pl\/author\/fizjodiet-medical-spa\/#Person","name":"FIZJODIET MEDICAL SPA","url":"https:\/\/www.dietetyk.katowice.pl\/author\/fizjodiet-medical-spa\/","image":{"@type":"ImageObject","@id":"https:\/\/secure.gravatar.com\/avatar\/8613260b4781952e90d43b623f90d184?s=96&d=mm&r=g","url":"https:\/\/secure.gravatar.com\/avatar\/8613260b4781952e90d43b623f90d184?s=96&d=mm&r=g","height":96,"width":96}},"publisher":null,"image":{"@type":"ImageObject","@id":"https:\/\/www.dietetyk.katowice.pl\/wp-content\/uploads\/2018\/04\/8458773_s.jpg","url":"https:\/\/www.dietetyk.katowice.pl\/wp-content\/uploads\/2018\/04\/8458773_s.jpg","height":566,"width":846},"keywords":["dietetyk Katowice","grill","kurczak","obiad","odchudzanie katowice","przepisy dietetyczny"]}]}