






{"@context":"https:\/\/schema.org\/","@type":"CollectionPage","@id":"https:\/\/www.dietetyk.katowice.pl\/porady\/#CollectionPage","headline":"Porady Category","description":"","url":"https:\/\/www.dietetyk.katowice.pl\/porady\/","hasPart":[{"@type":"BlogPosting","@id":"https:\/\/www.dietetyk.katowice.pl\/zaburzenia-odzywiania\/","headline":"Zaburzenia od\u017cywiania","url":"https:\/\/www.dietetyk.katowice.pl\/zaburzenia-odzywiania\/","datePublished":"2021-11-15","dateModified":"2021-11-15","mainEntityOfPage":"https:\/\/www.dietetyk.katowice.pl\/zaburzenia-odzywiania\/","author":{"@type":"Person","@id":"https:\/\/www.dietetyk.katowice.pl\/author\/fizjodiet-medical-spa\/#Person","name":"FIZJODIET MEDICAL SPA","url":"https:\/\/www.dietetyk.katowice.pl\/author\/fizjodiet-medical-spa\/","image":{"@type":"ImageObject","@id":"https:\/\/secure.gravatar.com\/avatar\/8613260b4781952e90d43b623f90d184?s=96&d=mm&r=g","url":"https:\/\/secure.gravatar.com\/avatar\/8613260b4781952e90d43b623f90d184?s=96&d=mm&r=g","height":96,"width":96}},"publisher":null,"image":{"@type":"ImageObject","@id":"https:\/\/www.dietetyk.katowice.pl\/wp-content\/uploads\/2021\/11\/woman-suffering-with-morning-sickness-in-bathroom-2021-08-26-16-14-23-utc-scaled.jpg","url":"https:\/\/www.dietetyk.katowice.pl\/wp-content\/uploads\/2021\/11\/woman-suffering-with-morning-sickness-in-bathroom-2021-08-26-16-14-23-utc-scaled.jpg","height":1707,"width":2560},"keywords":["porady dietetyczne","zaburzenia od\u017cywiania"]},{"@type":"BlogPosting","@id":"https:\/\/www.dietetyk.katowice.pl\/ortoreksja\/","headline":"Ortoreksja","url":"https:\/\/www.dietetyk.katowice.pl\/ortoreksja\/","datePublished":"2021-11-08","dateModified":"2021-11-08","mainEntityOfPage":"https:\/\/www.dietetyk.katowice.pl\/ortoreksja\/","author":{"@type":"Person","@id":"https:\/\/www.dietetyk.katowice.pl\/author\/fizjodiet-medical-spa\/#Person","name":"FIZJODIET MEDICAL SPA","url":"https:\/\/www.dietetyk.katowice.pl\/author\/fizjodiet-medical-spa\/","image":{"@type":"ImageObject","@id":"https:\/\/secure.gravatar.com\/avatar\/8613260b4781952e90d43b623f90d184?s=96&d=mm&r=g","url":"https:\/\/secure.gravatar.com\/avatar\/8613260b4781952e90d43b623f90d184?s=96&d=mm&r=g","height":96,"width":96}},"publisher":null,"image":{"@type":"ImageObject","@id":"https:\/\/www.dietetyk.katowice.pl\/wp-content\/uploads\/2021\/11\/close-up-of-a-woman-showing-fresh-green-salad-leav-2021-08-26-18-21-52-utc-scaled.jpg","url":"https:\/\/www.dietetyk.katowice.pl\/wp-content\/uploads\/2021\/11\/close-up-of-a-woman-showing-fresh-green-salad-leav-2021-08-26-18-21-52-utc-scaled.jpg","height":1707,"width":2560},"keywords":["Ortoreksja","porady dietetyczne","zaburzenia od\u017cywiania"]},{"@type":"BlogPosting","@id":"https:\/\/www.dietetyk.katowice.pl\/karmienie-piersia-dieta\/","headline":"Karmienie piersi\u0105, a dieta","url":"https:\/\/www.dietetyk.katowice.pl\/karmienie-piersia-dieta\/","datePublished":"2021-11-04","dateModified":"2021-11-04","mainEntityOfPage":"https:\/\/www.dietetyk.katowice.pl\/karmienie-piersia-dieta\/","author":{"@type":"Person","@id":"https:\/\/www.dietetyk.katowice.pl\/author\/fizjodiet-medical-spa\/#Person","name":"FIZJODIET MEDICAL SPA","url":"https:\/\/www.dietetyk.katowice.pl\/author\/fizjodiet-medical-spa\/","image":{"@type":"ImageObject","@id":"https:\/\/secure.gravatar.com\/avatar\/8613260b4781952e90d43b623f90d184?s=96&d=mm&r=g","url":"https:\/\/secure.gravatar.com\/avatar\/8613260b4781952e90d43b623f90d184?s=96&d=mm&r=g","height":96,"width":96}},"publisher":null,"image":{"@type":"ImageObject","@id":"https:\/\/www.dietetyk.katowice.pl\/wp-content\/uploads\/2021\/10\/young-mother-feeding-her-newborn-child-with-breast-2021-08-27-09-26-16-utc-scaled.jpg","url":"https:\/\/www.dietetyk.katowice.pl\/wp-content\/uploads\/2021\/10\/young-mother-feeding-her-newborn-child-with-breast-2021-08-27-09-26-16-utc-scaled.jpg","height":2560,"width":2560},"keywords":["dzieci","karmienie piersi\u0105","porady dietetyczne","\u017cywieie dzieci"]},{"@type":"BlogPosting","@id":"https:\/\/www.dietetyk.katowice.pl\/niedozywienie\/","headline":"Niedo\u017cywienie","url":"https:\/\/www.dietetyk.katowice.pl\/niedozywienie\/","datePublished":"2021-11-02","dateModified":"2021-11-03","mainEntityOfPage":"https:\/\/www.dietetyk.katowice.pl\/niedozywienie\/","author":{"@type":"Person","@id":"https:\/\/www.dietetyk.katowice.pl\/author\/fizjodiet-medical-spa\/#Person","name":"FIZJODIET MEDICAL SPA","url":"https:\/\/www.dietetyk.katowice.pl\/author\/fizjodiet-medical-spa\/","image":{"@type":"ImageObject","@id":"https:\/\/secure.gravatar.com\/avatar\/8613260b4781952e90d43b623f90d184?s=96&d=mm&r=g","url":"https:\/\/secure.gravatar.com\/avatar\/8613260b4781952e90d43b623f90d184?s=96&d=mm&r=g","height":96,"width":96}},"publisher":null,"image":{"@type":"ImageObject","@id":"https:\/\/www.dietetyk.katowice.pl\/wp-content\/uploads\/2021\/11\/sick-older-woman-2021-09-01-16-06-25-utc-scaled.jpg","url":"https:\/\/www.dietetyk.katowice.pl\/wp-content\/uploads\/2021\/11\/sick-older-woman-2021-09-01-16-06-25-utc-scaled.jpg","height":1707,"width":2560},"keywords":["Niedo\u017cywienie","porady dietetyczne"]},{"@type":"BlogPosting","@id":"https:\/\/www.dietetyk.katowice.pl\/rozszerzanie-diety-niemowlat\/","headline":"Rozszerzanie diety niemowl\u0105t","url":"https:\/\/www.dietetyk.katowice.pl\/rozszerzanie-diety-niemowlat\/","datePublished":"2021-10-28","dateModified":"2021-10-28","mainEntityOfPage":"https:\/\/www.dietetyk.katowice.pl\/rozszerzanie-diety-niemowlat\/","author":{"@type":"Person","@id":"https:\/\/www.dietetyk.katowice.pl\/author\/fizjodiet-medical-spa\/#Person","name":"FIZJODIET MEDICAL SPA","url":"https:\/\/www.dietetyk.katowice.pl\/author\/fizjodiet-medical-spa\/","image":{"@type":"ImageObject","@id":"https:\/\/secure.gravatar.com\/avatar\/8613260b4781952e90d43b623f90d184?s=96&d=mm&r=g","url":"https:\/\/secure.gravatar.com\/avatar\/8613260b4781952e90d43b623f90d184?s=96&d=mm&r=g","height":96,"width":96}},"publisher":null,"image":{"@type":"ImageObject","@id":"https:\/\/www.dietetyk.katowice.pl\/wp-content\/uploads\/2021\/10\/good-looking-young-man-eating-breakfast-and-feedin-2021-08-26-17-43-08-utc-scaled.jpg","url":"https:\/\/www.dietetyk.katowice.pl\/wp-content\/uploads\/2021\/10\/good-looking-young-man-eating-breakfast-and-feedin-2021-08-26-17-43-08-utc-scaled.jpg","height":1707,"width":2560},"keywords":["dzieci","porady dietetyczne","\u017cywienie dzieci"]},{"@type":"BlogPosting","@id":"https:\/\/www.dietetyk.katowice.pl\/zaburzenia-odzywiania-wsrod-dzieci\/","headline":"Zaburzenia od\u017cywiania w\u015br\u00f3d dzieci","url":"https:\/\/www.dietetyk.katowice.pl\/zaburzenia-odzywiania-wsrod-dzieci\/","datePublished":"2021-10-26","dateModified":"2021-10-26","mainEntityOfPage":"https:\/\/www.dietetyk.katowice.pl\/zaburzenia-odzywiania-wsrod-dzieci\/","author":{"@type":"Person","@id":"https:\/\/www.dietetyk.katowice.pl\/author\/fizjodiet-medical-spa\/#Person","name":"FIZJODIET MEDICAL SPA","url":"https:\/\/www.dietetyk.katowice.pl\/author\/fizjodiet-medical-spa\/","image":{"@type":"ImageObject","@id":"https:\/\/secure.gravatar.com\/avatar\/8613260b4781952e90d43b623f90d184?s=96&d=mm&r=g","url":"https:\/\/secure.gravatar.com\/avatar\/8613260b4781952e90d43b623f90d184?s=96&d=mm&r=g","height":96,"width":96}},"publisher":null,"image":{"@type":"ImageObject","@id":"https:\/\/www.dietetyk.katowice.pl\/wp-content\/uploads\/2021\/10\/food-2021-08-30-06-01-58-utc-scaled.jpg","url":"https:\/\/www.dietetyk.katowice.pl\/wp-content\/uploads\/2021\/10\/food-2021-08-30-06-01-58-utc-scaled.jpg","height":1748,"width":2560},"keywords":["dzieci","porady dietetyczne","zaburzenia od\u017cywiania"]},{"@type":"BlogPosting","@id":"https:\/\/www.dietetyk.katowice.pl\/osteoporoza\/","headline":"Osteoporoza","url":"https:\/\/www.dietetyk.katowice.pl\/osteoporoza\/","datePublished":"2021-10-11","dateModified":"2021-10-11","mainEntityOfPage":"https:\/\/www.dietetyk.katowice.pl\/osteoporoza\/","author":{"@type":"Person","@id":"https:\/\/www.dietetyk.katowice.pl\/author\/fizjodiet-medical-spa\/#Person","name":"FIZJODIET MEDICAL SPA","url":"https:\/\/www.dietetyk.katowice.pl\/author\/fizjodiet-medical-spa\/","image":{"@type":"ImageObject","@id":"https:\/\/secure.gravatar.com\/avatar\/8613260b4781952e90d43b623f90d184?s=96&d=mm&r=g","url":"https:\/\/secure.gravatar.com\/avatar\/8613260b4781952e90d43b623f90d184?s=96&d=mm&r=g","height":96,"width":96}},"publisher":null,"image":{"@type":"ImageObject","@id":"https:\/\/www.dietetyk.katowice.pl\/wp-content\/uploads\/2021\/09\/a-torn-paper-written-with-inscription-prebiotics-o-NXPSXZT-1-scaled.jpg","url":"https:\/\/www.dietetyk.katowice.pl\/wp-content\/uploads\/2021\/09\/a-torn-paper-written-with-inscription-prebiotics-o-NXPSXZT-1-scaled.jpg","height":1571,"width":2560},"keywords":["Osteoporoza","porady dietetyczne"]},{"@type":"BlogPosting","@id":"https:\/\/www.dietetyk.katowice.pl\/prebiotyki\/","headline":"Prebiotyki","url":"https:\/\/www.dietetyk.katowice.pl\/prebiotyki\/","datePublished":"2021-09-30","dateModified":"2021-09-30","mainEntityOfPage":"https:\/\/www.dietetyk.katowice.pl\/prebiotyki\/","author":{"@type":"Person","@id":"https:\/\/www.dietetyk.katowice.pl\/author\/fizjodiet-medical-spa\/#Person","name":"FIZJODIET MEDICAL SPA","url":"https:\/\/www.dietetyk.katowice.pl\/author\/fizjodiet-medical-spa\/","image":{"@type":"ImageObject","@id":"https:\/\/secure.gravatar.com\/avatar\/8613260b4781952e90d43b623f90d184?s=96&d=mm&r=g","url":"https:\/\/secure.gravatar.com\/avatar\/8613260b4781952e90d43b623f90d184?s=96&d=mm&r=g","height":96,"width":96}},"publisher":null,"image":{"@type":"ImageObject","@id":"https:\/\/www.dietetyk.katowice.pl\/wp-content\/uploads\/2021\/09\/a-torn-paper-written-with-inscription-prebiotics-o-NXPSXZT-scaled.jpg","url":"https:\/\/www.dietetyk.katowice.pl\/wp-content\/uploads\/2021\/09\/a-torn-paper-written-with-inscription-prebiotics-o-NXPSXZT-scaled.jpg","height":1571,"width":2560},"keywords":["porady dietetyczne","prebiotyki"]},{"@type":"BlogPosting","@id":"https:\/\/www.dietetyk.katowice.pl\/zywienie-osob-starszych\/","headline":"\u017bywienie os\u00f3b starszych","url":"https:\/\/www.dietetyk.katowice.pl\/zywienie-osob-starszych\/","datePublished":"2021-09-22","dateModified":"2021-09-22","mainEntityOfPage":"https:\/\/www.dietetyk.katowice.pl\/zywienie-osob-starszych\/","author":{"@type":"Person","@id":"https:\/\/www.dietetyk.katowice.pl\/author\/fizjodiet-medical-spa\/#Person","name":"FIZJODIET MEDICAL SPA","url":"https:\/\/www.dietetyk.katowice.pl\/author\/fizjodiet-medical-spa\/","image":{"@type":"ImageObject","@id":"https:\/\/secure.gravatar.com\/avatar\/8613260b4781952e90d43b623f90d184?s=96&d=mm&r=g","url":"https:\/\/secure.gravatar.com\/avatar\/8613260b4781952e90d43b623f90d184?s=96&d=mm&r=g","height":96,"width":96}},"publisher":null,"image":{"@type":"ImageObject","@id":"https:\/\/www.dietetyk.katowice.pl\/wp-content\/uploads\/2021\/09\/eating-soup-N3MS95L-scaled.jpg","url":"https:\/\/www.dietetyk.katowice.pl\/wp-content\/uploads\/2021\/09\/eating-soup-N3MS95L-scaled.jpg","height":1707,"width":2560},"keywords":["porady dietetyczne","\u017bywienie os\u00f3b starszych"]},{"@type":"BlogPosting","@id":"https:\/\/www.dietetyk.katowice.pl\/dieta-w-depresji\/","headline":"Dieta w depresji","url":"https:\/\/www.dietetyk.katowice.pl\/dieta-w-depresji\/","datePublished":"2021-09-20","dateModified":"2021-09-20","mainEntityOfPage":"https:\/\/www.dietetyk.katowice.pl\/dieta-w-depresji\/","author":{"@type":"Person","@id":"https:\/\/www.dietetyk.katowice.pl\/author\/fizjodiet-medical-spa\/#Person","name":"FIZJODIET MEDICAL SPA","url":"https:\/\/www.dietetyk.katowice.pl\/author\/fizjodiet-medical-spa\/","image":{"@type":"ImageObject","@id":"https:\/\/secure.gravatar.com\/avatar\/8613260b4781952e90d43b623f90d184?s=96&d=mm&r=g","url":"https:\/\/secure.gravatar.com\/avatar\/8613260b4781952e90d43b623f90d184?s=96&d=mm&r=g","height":96,"width":96}},"publisher":null,"image":{"@type":"ImageObject","@id":"https:\/\/www.dietetyk.katowice.pl\/wp-content\/uploads\/2021\/09\/woman-lies-in-bed-and-eats-sweets-depression-PYVKR43-scaled.jpg","url":"https:\/\/www.dietetyk.katowice.pl\/wp-content\/uploads\/2021\/09\/woman-lies-in-bed-and-eats-sweets-depression-PYVKR43-scaled.jpg","height":1709,"width":2560},"keywords":["depresja","porady dietetyczne"]}]}